{"id":56200,"date":"2025-12-05T19:56:35","date_gmt":"2025-12-06T01:56:35","guid":{"rendered":"https:\/\/labestiapolitica.com.mx\/?p=56200"},"modified":"2025-12-05T19:56:35","modified_gmt":"2025-12-06T01:56:35","slug":"gobierno-municipal-de-tlaxcala-a-traves-del-smdif-fortalece-la-atencion-a-la-juventud-con-circulo-de-servicios","status":"publish","type":"post","link":"https:\/\/labestiapolitica.com.mx\/?p=56200","title":{"rendered":"Gobierno Municipal de Tlaxcala, a trav\u00e9s del SMDIF, fortalece la atenci\u00f3n a la juventud con C\u00edrculo de Servicios."},"content":{"rendered":"<p style=\"text-align: justify;\">El Gobierno Municipal de Tlaxcala, que preside Alfonso S\u00e1nchez Garc\u00eda, a trav\u00e9s del Sistema Municipal DIF inaugur\u00f3 el C\u00edrculo de Servicios \u201cDIF Municipal Cerca de Ti\u201d, en la Escuela Secundaria Gabino A. Palma, en Ocotl\u00e1n, mediante el cual se acercan programas institucionales directamente a los espacios donde la comunidad juvenil se desarrolla.<\/p>\n<p style=\"text-align: justify;\">El objetivo central del C\u00edrculo de Servicios fue brindar orientaci\u00f3n precisa, oportuna y confiable a las y los estudiantes, adem\u00e1s de fomentar valores, creatividad y conciencia social en un entorno seguro. Las din\u00e1micas informativas tambi\u00e9n buscaron impulsar la toma de decisiones responsables y fortalecer la construcci\u00f3n de entornos escolares libres de violencia.<\/p>\n<p style=\"text-align: justify;\">El encuentro reuni\u00f3 10 mesas de trabajo con la participaci\u00f3n de dependencias municipales y estatales, entre ellas la Comisi\u00f3n de Derechos Humanos, el Sistema Nacional de Protecci\u00f3n Integral de Ni\u00f1as, Ni\u00f1os y Adolescentes, Seguridad Municipal, Instituto Municipal de la Mujer y la Red por los Derechos Sexuales y Reproductivos en M\u00e9xico (Ddeser).<\/p>\n<p style=\"text-align: justify;\">Tambi\u00e9n acudieron representantes de la Secretar\u00eda Cient\u00edfica y Posgrado de la Universidad Aut\u00f3noma de Tlaxcala (UATx), la Procuradur\u00eda de Protecci\u00f3n de Ni\u00f1as, Ni\u00f1os y Adolescentes, as\u00ed como las \u00e1reas de Desarrollo Familiar y Coordinaci\u00f3n de Salud.<\/p>\n<p style=\"text-align: justify;\">Con este ejercicio de proximidad institucional, el Ayuntamiento de Tlaxcala cumple la encomienda del alcalde Alfonso S\u00e1nchez Garc\u00eda de estar m\u00e1s cerca de la juventud, y de generar espacios donde las y los adolescentes se sientan escuchados, respaldados y con acceso directo a programas que contribuyen a su desarrollo y bienestar integral.<\/p>\n","protected":false},"excerpt":{"rendered":"<p>El Gobierno Municipal de Tlaxcala, que preside Alfonso S\u00e1nchez Garc\u00eda, a trav\u00e9s del Sistema Municipal DIF inaugur\u00f3 el C\u00edrculo de Servicios \u201cDIF Municipal Cerca de Ti\u201d, en la Escuela Secundaria Gabino A. Palma, en Ocotl\u00e1n, mediante el cual se acercan programas institucionales directamente a los espacios donde la comunidad juvenil se desarrolla. El objetivo central [&hellip;]<\/p>\n","protected":false},"author":5,"featured_media":56201,"comment_status":"open","ping_status":"open","sticky":false,"template":"","format":"standard","meta":{"footnotes":""},"categories":[7,216,214],"tags":[],"class_list":["post-56200","post","type-post","status-publish","format-standard","has-post-thumbnail","hentry","category-ciudadanos","category-municipios","category-tlaxcala-capital"],"amp_enabled":true,"_links":{"self":[{"href":"https:\/\/labestiapolitica.com.mx\/index.php?rest_route=\/wp\/v2\/posts\/56200","targetHints":{"allow":["GET"]}}],"collection":[{"href":"https:\/\/labestiapolitica.com.mx\/index.php?rest_route=\/wp\/v2\/posts"}],"about":[{"href":"https:\/\/labestiapolitica.com.mx\/index.php?rest_route=\/wp\/v2\/types\/post"}],"author":[{"embeddable":true,"href":"https:\/\/labestiapolitica.com.mx\/index.php?rest_route=\/wp\/v2\/users\/5"}],"replies":[{"embeddable":true,"href":"https:\/\/labestiapolitica.com.mx\/index.php?rest_route=%2Fwp%2Fv2%2Fcomments&post=56200"}],"version-history":[{"count":1,"href":"https:\/\/labestiapolitica.com.mx\/index.php?rest_route=\/wp\/v2\/posts\/56200\/revisions"}],"predecessor-version":[{"id":56202,"href":"https:\/\/labestiapolitica.com.mx\/index.php?rest_route=\/wp\/v2\/posts\/56200\/revisions\/56202"}],"wp:featuredmedia":[{"embeddable":true,"href":"https:\/\/labestiapolitica.com.mx\/index.php?rest_route=\/wp\/v2\/media\/56201"}],"wp:attachment":[{"href":"https:\/\/labestiapolitica.com.mx\/index.php?rest_route=%2Fwp%2Fv2%2Fmedia&parent=56200"}],"wp:term":[{"taxonomy":"category","embeddable":true,"href":"https:\/\/labestiapolitica.com.mx\/index.php?rest_route=%2Fwp%2Fv2%2Fcategories&post=56200"},{"taxonomy":"post_tag","embeddable":true,"href":"https:\/\/labestiapolitica.com.mx\/index.php?rest_route=%2Fwp%2Fv2%2Ftags&post=56200"}],"curies":[{"name":"wp","href":"https:\/\/api.w.org\/{rel}","templated":true}]}}