{"id":56203,"date":"2025-12-06T06:00:57","date_gmt":"2025-12-06T12:00:57","guid":{"rendered":"https:\/\/labestiapolitica.com.mx\/?p=56203"},"modified":"2025-12-06T14:37:48","modified_gmt":"2025-12-06T20:37:48","slug":"manifestacion-anunciada-marcara-informe-de-gobernadora-por-disputa-territorial","status":"publish","type":"post","link":"https:\/\/labestiapolitica.com.mx\/?p=56203","title":{"rendered":"Manifestaci\u00f3n Anunciada Marcar\u00e1 Informe de Gobernadora por Disputa Territorial"},"content":{"rendered":"<ul>\n<li style=\"text-align: justify;\">Al t\u00e9rmino de la redacci\u00f3n de esta nota nos informaron que ya hay un acuerdo entre los dos alcaldes, pero el conflicto persiste.<\/li>\n<\/ul>\n<p style=\"text-align: justify;\">Mariana LOVERA\/\/ El conflicto lim\u00edtrofe entre los municipios de Amaxac de Guerrero y Yauhquemehcan, lejos de apaciguarse, podr\u00eda estallar p\u00fablicamente durante el pr\u00f3ximo informe de gobierno. El detonante: la decisi\u00f3n de que la gobernadora Lorena Cu\u00e9llar presente su informe en el nuevo complejo de la \u00abCiudad de la Cultura y el Entretenimiento\u00bb, construido precisamente en los terrenos en disputa.<\/p>\n<p style=\"text-align: justify;\">Vecinos de la comunidad de Atlihuetzia, perteneciente a Yauhquemehcan, no solo han expresado su rechazo, sino que han anunciado expl\u00edcitamente una protesta para este domingo, coincidiendo con la llegada de la mandataria al lugar. La amenaza de movilizaci\u00f3n qued\u00f3 plasmada en mantas desplegadas en el municipio, con un mensaje directo: \u201cGobernadora Lorena Cu\u00e9llar, a Atlihuetzia y Yauhquemehcan nadie les robar\u00e1 territorio, defenderemos lo que es nuestro\u201d.<\/p>\n<p style=\"text-align: justify;\">El coraz\u00f3n de la pugna es un predio conocido como \u00abLa Presa\u00bb o campo deportivo, expropiado por el gobierno estatal para el proyecto cultural. Mientras el alcalde de Amaxac, Mauricio Pozos Casta\u00f1\u00f3n, afirma que la propiedad es legalmente de su municipio, su hom\u00f3logo de Yauhquemehcan, David Vega Terrazas, defiende que la zona de Atlihuetzia es parte de su territorio.<\/p>\n<p style=\"text-align: justify;\">Aunque en 2016 se dio por resuelto el conflicto mediante mediaci\u00f3n estatal, la tensi\u00f3n se reaviv\u00f3 con fuerza en los \u00faltimos meses. La elecci\u00f3n del pol\u00e9mico sitio para el informe oficial ha a\u00f1adido le\u00f1a al fuego, transformando un acto protocolario en un potencial foco de confrontaci\u00f3n.<\/p>\n<p style=\"text-align: justify;\">Ambas administraciones han exigido al Congreso del Estado una delimitaci\u00f3n clara y una soluci\u00f3n definitiva, pero la incertidumbre persiste. Mientras tanto, la protesta ciudadana anunciada promete llevar el descontento desde las asambleas comunitarias directamente a las puertas del evento m\u00e1s visible del gobierno estatal.<\/p>\n<p style=\"text-align: justify;\">Al t\u00e9rmino de la redacci\u00f3n de esta nota nos informaron que ya hay un acuerdo entre los dos alcaldes, pero el conflicto persiste.<\/p>\n","protected":false},"excerpt":{"rendered":"<p>Al t\u00e9rmino de la redacci\u00f3n de esta nota nos informaron que ya hay un acuerdo entre los dos alcaldes, pero el conflicto persiste. Mariana LOVERA\/\/ El conflicto lim\u00edtrofe entre los municipios de Amaxac de Guerrero y Yauhquemehcan, lejos de apaciguarse, podr\u00eda estallar p\u00fablicamente durante el pr\u00f3ximo informe de gobierno. El detonante: la decisi\u00f3n de que [&hellip;]<\/p>\n","protected":false},"author":6,"featured_media":56204,"comment_status":"open","ping_status":"open","sticky":false,"template":"","format":"standard","meta":{"footnotes":""},"categories":[3,7],"tags":[],"class_list":["post-56203","post","type-post","status-publish","format-standard","has-post-thumbnail","hentry","category-8-columnas","category-ciudadanos"],"amp_enabled":true,"_links":{"self":[{"href":"https:\/\/labestiapolitica.com.mx\/index.php?rest_route=\/wp\/v2\/posts\/56203","targetHints":{"allow":["GET"]}}],"collection":[{"href":"https:\/\/labestiapolitica.com.mx\/index.php?rest_route=\/wp\/v2\/posts"}],"about":[{"href":"https:\/\/labestiapolitica.com.mx\/index.php?rest_route=\/wp\/v2\/types\/post"}],"author":[{"embeddable":true,"href":"https:\/\/labestiapolitica.com.mx\/index.php?rest_route=\/wp\/v2\/users\/6"}],"replies":[{"embeddable":true,"href":"https:\/\/labestiapolitica.com.mx\/index.php?rest_route=%2Fwp%2Fv2%2Fcomments&post=56203"}],"version-history":[{"count":4,"href":"https:\/\/labestiapolitica.com.mx\/index.php?rest_route=\/wp\/v2\/posts\/56203\/revisions"}],"predecessor-version":[{"id":56223,"href":"https:\/\/labestiapolitica.com.mx\/index.php?rest_route=\/wp\/v2\/posts\/56203\/revisions\/56223"}],"wp:featuredmedia":[{"embeddable":true,"href":"https:\/\/labestiapolitica.com.mx\/index.php?rest_route=\/wp\/v2\/media\/56204"}],"wp:attachment":[{"href":"https:\/\/labestiapolitica.com.mx\/index.php?rest_route=%2Fwp%2Fv2%2Fmedia&parent=56203"}],"wp:term":[{"taxonomy":"category","embeddable":true,"href":"https:\/\/labestiapolitica.com.mx\/index.php?rest_route=%2Fwp%2Fv2%2Fcategories&post=56203"},{"taxonomy":"post_tag","embeddable":true,"href":"https:\/\/labestiapolitica.com.mx\/index.php?rest_route=%2Fwp%2Fv2%2Ftags&post=56203"}],"curies":[{"name":"wp","href":"https:\/\/api.w.org\/{rel}","templated":true}]}}