{"id":56208,"date":"2025-12-06T13:05:54","date_gmt":"2025-12-06T19:05:54","guid":{"rendered":"https:\/\/labestiapolitica.com.mx\/?p=56208"},"modified":"2025-12-06T13:18:02","modified_gmt":"2025-12-06T19:18:02","slug":"panotla-vivio-una-noche-que-ilumino-el-corazon-de-todas-las-familias","status":"publish","type":"post","link":"https:\/\/labestiapolitica.com.mx\/?p=56208","title":{"rendered":"Panotla vivi\u00f3 una noche que ilumin\u00f3 el coraz\u00f3n de todas las familias"},"content":{"rendered":"<p data-start=\"78\" data-end=\"390\"><strong>JeSerch<\/strong> Mej\u00eda<\/p>\n<p data-start=\"78\" data-end=\"390\">Panotla escribi\u00f3 una de sus p\u00e1ginas m\u00e1s emotivas del a\u00f1o con la celebraci\u00f3n del <strong data-start=\"158\" data-end=\"184\">Festival Navide\u00f1o 2025<\/strong>, encabezado por el presidente municipal <strong data-start=\"225\" data-end=\"251\">Idelfonso Carro Rold\u00e1n<\/strong>, quien convivi\u00f3 de cerca con miles de familias que se dieron cita para disfrutar una velada llena de tradici\u00f3n, magia y uni\u00f3n comunitaria.<\/p>\n<p data-start=\"392\" data-end=\"743\">La jornada inici\u00f3 con el <strong data-start=\"417\" data-end=\"442\">Gran Desfile Navide\u00f1o<\/strong>, donde instituciones educativas, comercios locales y \u00e1reas del Ayuntamiento desfilaron con carros aleg\u00f3ricos que llenaron las calles de m\u00fasica, luz y color. La participaci\u00f3n de ni\u00f1as, ni\u00f1os y familias enteras convirti\u00f3 el recorrido en un espect\u00e1culo inolvidable que reafirm\u00f3 el esp\u00edritu de comunidad.<\/p>\n<p data-start=\"745\" data-end=\"961\">Al llegar a la Presidencia Municipal, el ambiente se transform\u00f3 en un escenario de paz con la interpretaci\u00f3n de <strong data-start=\"857\" data-end=\"882\">villancicos navide\u00f1os<\/strong>, que envolvieron al p\u00fablico en un sentimiento profundo de esperanza y calidez.<\/p>\n<p data-start=\"963\" data-end=\"1217\">Uno de los momentos m\u00e1s simb\u00f3licos lleg\u00f3 con el <strong data-start=\"1011\" data-end=\"1044\">Festival de Globos de Cantoya<\/strong>, donde decenas de luces ascendieron al cielo portando los deseos de las familias para el pr\u00f3ximo a\u00f1o, creando una imagen m\u00e1gica que quedar\u00e1 grabada en la memoria colectiva.<\/p>\n<p data-start=\"1219\" data-end=\"1399\">El presidente municipal encabez\u00f3 tambi\u00e9n el <strong data-start=\"1263\" data-end=\"1297\">Encendido del \u00c1rbol de Navidad<\/strong>, acto que simboliz\u00f3 la luz, la unidad y la fuerza del esp\u00edritu navide\u00f1o que caracteriza al municipio.<\/p>\n<p data-start=\"1401\" data-end=\"1554\">La noche cerr\u00f3 con una verbena llena de m\u00fasica, convivencia y tradici\u00f3n, donde vecinos y vecinas celebraron juntos la llegada de estas fechas especiales.<\/p>\n<p data-start=\"1556\" data-end=\"1803\">El Ayuntamiento de Panotla agradeci\u00f3 la participaci\u00f3n y entusiasmo de la ciudadan\u00eda, destacando que gracias a esta uni\u00f3n el <strong data-start=\"1680\" data-end=\"1706\">Festival Navide\u00f1o 2025<\/strong> se consolid\u00f3 como una noche que llen\u00f3 de luz al municipio y de esperanza a todas sus familias.<\/p>\n<p>&nbsp;<\/p>\n","protected":false},"excerpt":{"rendered":"<p>JeSerch Mej\u00eda Panotla escribi\u00f3 una de sus p\u00e1ginas m\u00e1s emotivas del a\u00f1o con la celebraci\u00f3n del Festival Navide\u00f1o 2025, encabezado por el presidente municipal Idelfonso Carro Rold\u00e1n, quien convivi\u00f3 de cerca con miles de familias que se dieron cita para disfrutar una velada llena de tradici\u00f3n, magia y uni\u00f3n comunitaria. La jornada inici\u00f3 con el [&hellip;]<\/p>\n","protected":false},"author":3,"featured_media":56209,"comment_status":"open","ping_status":"open","sticky":false,"template":"","format":"standard","meta":{"footnotes":""},"categories":[216,237],"tags":[],"class_list":["post-56208","post","type-post","status-publish","format-standard","has-post-thumbnail","hentry","category-municipios","category-panotla"],"amp_enabled":true,"_links":{"self":[{"href":"https:\/\/labestiapolitica.com.mx\/index.php?rest_route=\/wp\/v2\/posts\/56208","targetHints":{"allow":["GET"]}}],"collection":[{"href":"https:\/\/labestiapolitica.com.mx\/index.php?rest_route=\/wp\/v2\/posts"}],"about":[{"href":"https:\/\/labestiapolitica.com.mx\/index.php?rest_route=\/wp\/v2\/types\/post"}],"author":[{"embeddable":true,"href":"https:\/\/labestiapolitica.com.mx\/index.php?rest_route=\/wp\/v2\/users\/3"}],"replies":[{"embeddable":true,"href":"https:\/\/labestiapolitica.com.mx\/index.php?rest_route=%2Fwp%2Fv2%2Fcomments&post=56208"}],"version-history":[{"count":2,"href":"https:\/\/labestiapolitica.com.mx\/index.php?rest_route=\/wp\/v2\/posts\/56208\/revisions"}],"predecessor-version":[{"id":56216,"href":"https:\/\/labestiapolitica.com.mx\/index.php?rest_route=\/wp\/v2\/posts\/56208\/revisions\/56216"}],"wp:featuredmedia":[{"embeddable":true,"href":"https:\/\/labestiapolitica.com.mx\/index.php?rest_route=\/wp\/v2\/media\/56209"}],"wp:attachment":[{"href":"https:\/\/labestiapolitica.com.mx\/index.php?rest_route=%2Fwp%2Fv2%2Fmedia&parent=56208"}],"wp:term":[{"taxonomy":"category","embeddable":true,"href":"https:\/\/labestiapolitica.com.mx\/index.php?rest_route=%2Fwp%2Fv2%2Fcategories&post=56208"},{"taxonomy":"post_tag","embeddable":true,"href":"https:\/\/labestiapolitica.com.mx\/index.php?rest_route=%2Fwp%2Fv2%2Ftags&post=56208"}],"curies":[{"name":"wp","href":"https:\/\/api.w.org\/{rel}","templated":true}]}}