{"id":56211,"date":"2025-12-06T13:14:56","date_gmt":"2025-12-06T19:14:56","guid":{"rendered":"https:\/\/labestiapolitica.com.mx\/?p=56211"},"modified":"2025-12-06T13:17:33","modified_gmt":"2025-12-06T19:17:33","slug":"rodamos-por-ellas-rodamos-por-todas-%f0%9f%92%9c%f0%9f%9a%b4%e2%99%80%ef%b8%8f-gobierno-capitalino-reune-a-colectivos-ciclistas-en-una-rodada-por-la-erradicacion-de-la-violencia","status":"publish","type":"post","link":"https:\/\/labestiapolitica.com.mx\/?p=56211","title":{"rendered":"Rodamos por ellas. Rodamos por todas. \ud83d\udc9c\ud83d\udeb4\u200d\u2640\ufe0f Gobierno capitalino re\u00fane a colectivos ciclistas en una rodada por la erradicaci\u00f3n de la violencia"},"content":{"rendered":"<p data-start=\"138\" data-end=\"434\"><strong>JeSerch<\/strong> Mej\u00eda<\/p>\n<p data-start=\"138\" data-end=\"434\">Como parte de los <strong data-start=\"156\" data-end=\"235\">16 D\u00edas de Activismo para la Eliminaci\u00f3n de la Violencia contra las Mujeres<\/strong>, el Gobierno Municipal de Tlaxcala, encabezado por <strong data-start=\"287\" data-end=\"313\">Alfonso S\u00e1nchez Garc\u00eda<\/strong>, llev\u00f3 a cabo una rodada de 6 kil\u00f3metros que reuni\u00f3 a diversos colectivos ciclistas comprometidos con esta causa social.<\/p>\n<p data-start=\"436\" data-end=\"777\">La actividad, organizada por el <strong data-start=\"468\" data-end=\"509\">Instituto Municipal de la Mujer (IMM)<\/strong>, inici\u00f3 y concluy\u00f3 en las letras emblem\u00e1ticas de la <strong data-start=\"562\" data-end=\"590\">Plaza de la Constituci\u00f3n<\/strong>, punto donde decenas de participantes se congregaron para pedalear en unidad, visibilizar la problem\u00e1tica y refrendar su apoyo a la eliminaci\u00f3n de la violencia hacia las mujeres y ni\u00f1as.<\/p>\n<p data-start=\"779\" data-end=\"1095\">Los colectivos <strong data-start=\"794\" data-end=\"817\">Biciamigas Tlaxcala<\/strong> y <strong data-start=\"820\" data-end=\"841\">Torpedos Tlaxcala<\/strong> encabezaron la convocatoria, a la que tambi\u00e9n se sumaron <strong data-start=\"899\" data-end=\"915\">Rinos Bikers<\/strong> y <strong data-start=\"918\" data-end=\"966\">CRT (Compis Racing Team ciclismo de monta\u00f1a)<\/strong>, generando una rodada din\u00e1mica y llena de energ\u00eda, donde el compromiso comunitario se hizo presente en cada tramo del recorrido.<\/p>\n<p data-start=\"1097\" data-end=\"1509\">Durante el evento, la directora del IMM, <strong data-start=\"1138\" data-end=\"1165\">Lizbeth Briones S\u00e1nchez<\/strong>, destac\u00f3 el profundo sentido simb\u00f3lico de la actividad al se\u00f1alar que <em data-start=\"1236\" data-end=\"1508\">\u201ccada pedaleo impulsa un camino libre de violencia. Cada kil\u00f3metro que avanzamos simboliza nuestro compromiso por transformar la realidad, por visibilizar las violencias que a\u00fan persisten y por impulsar acciones que protejan y dignifiquen la vida de las mujeres y ni\u00f1as\u201d<\/em>.<\/p>\n<p data-start=\"1511\" data-end=\"1844\">Al concluir la rodada, Briones S\u00e1nchez, acompa\u00f1ada de la s\u00edndica municipal <strong data-start=\"1586\" data-end=\"1614\">Ivonne Hern\u00e1ndez Blancas<\/strong> y la sexta regidora <strong data-start=\"1635\" data-end=\"1661\">Lizbeth Carca\u00f1o Torres<\/strong>, entreg\u00f3 reconocimientos a los colectivos participantes por su colaboraci\u00f3n y por sumarse activamente a esta causa que busca construir un Tlaxcala m\u00e1s seguro y respetuoso para todas.<\/p>\n","protected":false},"excerpt":{"rendered":"<p>JeSerch Mej\u00eda Como parte de los 16 D\u00edas de Activismo para la Eliminaci\u00f3n de la Violencia contra las Mujeres, el Gobierno Municipal de Tlaxcala, encabezado por Alfonso S\u00e1nchez Garc\u00eda, llev\u00f3 a cabo una rodada de 6 kil\u00f3metros que reuni\u00f3 a diversos colectivos ciclistas comprometidos con esta causa social. La actividad, organizada por el Instituto Municipal [&hellip;]<\/p>\n","protected":false},"author":3,"featured_media":56212,"comment_status":"open","ping_status":"open","sticky":false,"template":"","format":"standard","meta":{"footnotes":""},"categories":[216,214],"tags":[],"class_list":["post-56211","post","type-post","status-publish","format-standard","has-post-thumbnail","hentry","category-municipios","category-tlaxcala-capital"],"amp_enabled":true,"_links":{"self":[{"href":"https:\/\/labestiapolitica.com.mx\/index.php?rest_route=\/wp\/v2\/posts\/56211","targetHints":{"allow":["GET"]}}],"collection":[{"href":"https:\/\/labestiapolitica.com.mx\/index.php?rest_route=\/wp\/v2\/posts"}],"about":[{"href":"https:\/\/labestiapolitica.com.mx\/index.php?rest_route=\/wp\/v2\/types\/post"}],"author":[{"embeddable":true,"href":"https:\/\/labestiapolitica.com.mx\/index.php?rest_route=\/wp\/v2\/users\/3"}],"replies":[{"embeddable":true,"href":"https:\/\/labestiapolitica.com.mx\/index.php?rest_route=%2Fwp%2Fv2%2Fcomments&post=56211"}],"version-history":[{"count":3,"href":"https:\/\/labestiapolitica.com.mx\/index.php?rest_route=\/wp\/v2\/posts\/56211\/revisions"}],"predecessor-version":[{"id":56215,"href":"https:\/\/labestiapolitica.com.mx\/index.php?rest_route=\/wp\/v2\/posts\/56211\/revisions\/56215"}],"wp:featuredmedia":[{"embeddable":true,"href":"https:\/\/labestiapolitica.com.mx\/index.php?rest_route=\/wp\/v2\/media\/56212"}],"wp:attachment":[{"href":"https:\/\/labestiapolitica.com.mx\/index.php?rest_route=%2Fwp%2Fv2%2Fmedia&parent=56211"}],"wp:term":[{"taxonomy":"category","embeddable":true,"href":"https:\/\/labestiapolitica.com.mx\/index.php?rest_route=%2Fwp%2Fv2%2Fcategories&post=56211"},{"taxonomy":"post_tag","embeddable":true,"href":"https:\/\/labestiapolitica.com.mx\/index.php?rest_route=%2Fwp%2Fv2%2Ftags&post=56211"}],"curies":[{"name":"wp","href":"https:\/\/api.w.org\/{rel}","templated":true}]}}