{"id":56232,"date":"2025-12-07T13:38:32","date_gmt":"2025-12-07T19:38:32","guid":{"rendered":"https:\/\/labestiapolitica.com.mx\/?p=56232"},"modified":"2025-12-07T13:38:32","modified_gmt":"2025-12-07T19:38:32","slug":"%e2%9c%a8tlaxcala-capital-sigue-cuidando-a-sus-mujeres-%e2%9c%a8en-colaboracion-con-cruz-roja-refuerzan-acciones-de-salud-y-prevencion","status":"publish","type":"post","link":"https:\/\/labestiapolitica.com.mx\/?p=56232","title":{"rendered":"\u2728Tlaxcala capital sigue cuidando a sus mujeres \u2728En colaboraci\u00f3n con Cruz Roja refuerzan acciones de salud y prevenci\u00f3n"},"content":{"rendered":"<p><strong>JeSerch<\/strong> Mej\u00eda<\/p>\n<p style=\"text-align: justify;\">En el marco de los 16 D\u00edas de Activismo por la Eliminaci\u00f3n de la Violencia de G\u00e9nero contra la Mujer, el Ayuntamiento de Tlaxcala, a trav\u00e9s del Instituto Municipal de la Mujer, realiz\u00f3 este s\u00e1bado una Jornada de Salud de Autocuidado gratuita, en coordinaci\u00f3n con la Cruz Roja Mexicana Delegaci\u00f3n Tlaxcala.<\/p>\n<p style=\"text-align: justify;\">La actividad, desarrollada en la Plaza de la Constituci\u00f3n, concentr\u00f3 a mujeres \u2014y tambi\u00e9n a hombres\u2014 interesados en recibir atenci\u00f3n preventiva y orientaci\u00f3n especializada. Durante la jornada participaron la Coordinaci\u00f3n del Voluntariado de Damas Estatal, as\u00ed como las \u00e1reas de Socorro y Capacitaci\u00f3n de la Cruz Roja.<\/p>\n<p style=\"text-align: justify;\">Entre los servicios ofrecidos destacaron la toma de presi\u00f3n arterial, glucosa, asesor\u00eda para la autoexploraci\u00f3n mamaria y recomendaciones para la detecci\u00f3n oportuna del c\u00e1ncer de mama, acciones que fortalecen el bienestar integral del sector femenino.<\/p>\n<p style=\"text-align: justify;\">El Ayuntamiento de Tlaxcala, encabezado por el presidente municipal Alfonso S\u00e1nchez Garc\u00eda, reafirm\u00f3 que continuar\u00e1 impulsando programas que protejan, acompa\u00f1en y acerquen servicios esenciales a las mujeres de la capital.<\/p>\n","protected":false},"excerpt":{"rendered":"<p>JeSerch Mej\u00eda En el marco de los 16 D\u00edas de Activismo por la Eliminaci\u00f3n de la Violencia de G\u00e9nero contra la Mujer, el Ayuntamiento de Tlaxcala, a trav\u00e9s del Instituto Municipal de la Mujer, realiz\u00f3 este s\u00e1bado una Jornada de Salud de Autocuidado gratuita, en coordinaci\u00f3n con la Cruz Roja Mexicana Delegaci\u00f3n Tlaxcala. La actividad, [&hellip;]<\/p>\n","protected":false},"author":3,"featured_media":56233,"comment_status":"open","ping_status":"open","sticky":false,"template":"","format":"standard","meta":{"footnotes":""},"categories":[216,214],"tags":[],"class_list":["post-56232","post","type-post","status-publish","format-standard","has-post-thumbnail","hentry","category-municipios","category-tlaxcala-capital"],"amp_enabled":true,"_links":{"self":[{"href":"https:\/\/labestiapolitica.com.mx\/index.php?rest_route=\/wp\/v2\/posts\/56232","targetHints":{"allow":["GET"]}}],"collection":[{"href":"https:\/\/labestiapolitica.com.mx\/index.php?rest_route=\/wp\/v2\/posts"}],"about":[{"href":"https:\/\/labestiapolitica.com.mx\/index.php?rest_route=\/wp\/v2\/types\/post"}],"author":[{"embeddable":true,"href":"https:\/\/labestiapolitica.com.mx\/index.php?rest_route=\/wp\/v2\/users\/3"}],"replies":[{"embeddable":true,"href":"https:\/\/labestiapolitica.com.mx\/index.php?rest_route=%2Fwp%2Fv2%2Fcomments&post=56232"}],"version-history":[{"count":1,"href":"https:\/\/labestiapolitica.com.mx\/index.php?rest_route=\/wp\/v2\/posts\/56232\/revisions"}],"predecessor-version":[{"id":56234,"href":"https:\/\/labestiapolitica.com.mx\/index.php?rest_route=\/wp\/v2\/posts\/56232\/revisions\/56234"}],"wp:featuredmedia":[{"embeddable":true,"href":"https:\/\/labestiapolitica.com.mx\/index.php?rest_route=\/wp\/v2\/media\/56233"}],"wp:attachment":[{"href":"https:\/\/labestiapolitica.com.mx\/index.php?rest_route=%2Fwp%2Fv2%2Fmedia&parent=56232"}],"wp:term":[{"taxonomy":"category","embeddable":true,"href":"https:\/\/labestiapolitica.com.mx\/index.php?rest_route=%2Fwp%2Fv2%2Fcategories&post=56232"},{"taxonomy":"post_tag","embeddable":true,"href":"https:\/\/labestiapolitica.com.mx\/index.php?rest_route=%2Fwp%2Fv2%2Ftags&post=56232"}],"curies":[{"name":"wp","href":"https:\/\/api.w.org\/{rel}","templated":true}]}}