{"id":56235,"date":"2025-12-07T13:47:21","date_gmt":"2025-12-07T19:47:21","guid":{"rendered":"https:\/\/labestiapolitica.com.mx\/?p=56235"},"modified":"2025-12-07T13:52:19","modified_gmt":"2025-12-07T19:52:19","slug":"%f0%9f%8e%85-huamantla-encendio-la-navidad%f0%9f%8e%84%e2%9c%a8-chava-santos-inaugura-la-aldea-magica-2025","status":"publish","type":"post","link":"https:\/\/labestiapolitica.com.mx\/?p=56235","title":{"rendered":"\ud83c\udf85 \u00a1Huamantla encendi\u00f3 la Navidad!\ud83c\udf84\u2728 Chava Santos inaugura la Aldea M\u00e1gica 2025"},"content":{"rendered":"<p style=\"text-align: justify;\" data-start=\"220\" data-end=\"523\"><strong>JeSerch<\/strong> Mej\u00eda<\/p>\n<p style=\"text-align: justify;\" data-start=\"220\" data-end=\"523\">Huamantla encendi\u00f3 oficialmente el esp\u00edritu navide\u00f1o con la inauguraci\u00f3n de la <strong data-start=\"299\" data-end=\"320\">Aldea M\u00e1gica 2025<\/strong>, encabezada por el presidente municipal <strong data-start=\"361\" data-end=\"388\">Salvador Santos Cedillo<\/strong>, en un evento que reuni\u00f3 a cientos de familias entre luces, villancicos y celebraciones que fortalecen la identidad del Pueblo M\u00e1gico.<\/p>\n<p style=\"text-align: justify;\" data-start=\"525\" data-end=\"782\">Las actividades comenzaron frente a <strong data-start=\"561\" data-end=\"579\">Casa Huamantla<\/strong>, donde la Fundaci\u00f3n <em data-start=\"600\" data-end=\"609\">Te So\u00f1\u00e9<\/em> instal\u00f3 un nacimiento monumental acompa\u00f1ado por la presentaci\u00f3n del <strong data-start=\"678\" data-end=\"723\">Coro de Ni\u00f1os Cantores de San Luis Obispo<\/strong>, cuyos villancicos llenaron la tarde de emoci\u00f3n y calidez.<\/p>\n<p style=\"text-align: justify;\" data-start=\"784\" data-end=\"1098\">Posteriormente, m\u00e1s de <strong data-start=\"807\" data-end=\"826\">30 contingentes<\/strong> participaron en el tradicional <strong data-start=\"858\" data-end=\"878\">Desfile Navide\u00f1o<\/strong>, que convirti\u00f3 las principales calles del municipio en un espect\u00e1culo de color y fantas\u00eda. La actriz y cantante <strong data-start=\"991\" data-end=\"1006\">Gala Montes<\/strong> encabez\u00f3 el recorrido, sum\u00e1ndose al ambiente festivo que cautiv\u00f3 a habitantes y visitantes.<\/p>\n<p style=\"text-align: justify;\" data-start=\"1100\" data-end=\"1425\">El momento m\u00e1s esperado lleg\u00f3 con el <strong data-start=\"1137\" data-end=\"1171\">encendido del \u00e1rbol monumental<\/strong>, acto dirigido por Chava Santos, seguido de un espect\u00e1culo de <strong data-start=\"1234\" data-end=\"1257\">fuegos artificiales<\/strong> que ilumin\u00f3 el cielo huamantleco. La celebraci\u00f3n cerr\u00f3 con la presentaci\u00f3n musical de <strong data-start=\"1344\" data-end=\"1360\">Tren a Marte<\/strong>, que hizo vibrar a los asistentes con su energ\u00eda caracter\u00edstica.<\/p>\n<p style=\"text-align: justify;\" data-start=\"1427\" data-end=\"1626\">Durante su mensaje, el alcalde destac\u00f3 que la Aldea M\u00e1gica impulsa la convivencia familiar y consolida a Huamantla como un destino art\u00edstico, cultural, gastron\u00f3mico y tur\u00edstico durante todo el a\u00f1o.<\/p>\n<p style=\"text-align: justify;\" data-start=\"1628\" data-end=\"1813\">\u201cEn pocos d\u00edas llegar\u00e1 el 2026 y las lecciones vividas deben impulsarnos a ser mejores cada d\u00eda. Los invito a trabajar unidos y a construir en conjunto por un mejor Huamantla\u201d, expres\u00f3.<\/p>\n<p style=\"text-align: justify;\" data-start=\"1815\" data-end=\"2028\">Asimismo, resalt\u00f3 que el Pueblo M\u00e1gico contin\u00faa atrayendo visitantes no s\u00f3lo en agosto, sino tambi\u00e9n en noviembre con D\u00eda de Muertos y ahora con esta festividad decembrina, fortaleciendo la reactivaci\u00f3n econ\u00f3mica.<\/p>\n<p style=\"text-align: justify;\" data-start=\"2030\" data-end=\"2326\">Desde el coraz\u00f3n de la Aldea, Chava Santos invit\u00f3 a las familias y turistas a disfrutar de cada una de las actividades que ofrece la temporada navide\u00f1a. \u201cEs mi pen\u00faltimo a\u00f1o como presidente celebrando la Navidad en Huamantla, y me esforzar\u00e9 para que el 2026 cierre con broche de oro\u201d, puntualiz\u00f3.<\/p>\n","protected":false},"excerpt":{"rendered":"<p>JeSerch Mej\u00eda Huamantla encendi\u00f3 oficialmente el esp\u00edritu navide\u00f1o con la inauguraci\u00f3n de la Aldea M\u00e1gica 2025, encabezada por el presidente municipal Salvador Santos Cedillo, en un evento que reuni\u00f3 a cientos de familias entre luces, villancicos y celebraciones que fortalecen la identidad del Pueblo M\u00e1gico. Las actividades comenzaron frente a Casa Huamantla, donde la Fundaci\u00f3n [&hellip;]<\/p>\n","protected":false},"author":3,"featured_media":56236,"comment_status":"open","ping_status":"open","sticky":false,"template":"","format":"standard","meta":{"footnotes":""},"categories":[3,220,216],"tags":[],"class_list":["post-56235","post","type-post","status-publish","format-standard","has-post-thumbnail","hentry","category-8-columnas","category-huamantla","category-municipios"],"amp_enabled":true,"_links":{"self":[{"href":"https:\/\/labestiapolitica.com.mx\/index.php?rest_route=\/wp\/v2\/posts\/56235","targetHints":{"allow":["GET"]}}],"collection":[{"href":"https:\/\/labestiapolitica.com.mx\/index.php?rest_route=\/wp\/v2\/posts"}],"about":[{"href":"https:\/\/labestiapolitica.com.mx\/index.php?rest_route=\/wp\/v2\/types\/post"}],"author":[{"embeddable":true,"href":"https:\/\/labestiapolitica.com.mx\/index.php?rest_route=\/wp\/v2\/users\/3"}],"replies":[{"embeddable":true,"href":"https:\/\/labestiapolitica.com.mx\/index.php?rest_route=%2Fwp%2Fv2%2Fcomments&post=56235"}],"version-history":[{"count":1,"href":"https:\/\/labestiapolitica.com.mx\/index.php?rest_route=\/wp\/v2\/posts\/56235\/revisions"}],"predecessor-version":[{"id":56237,"href":"https:\/\/labestiapolitica.com.mx\/index.php?rest_route=\/wp\/v2\/posts\/56235\/revisions\/56237"}],"wp:featuredmedia":[{"embeddable":true,"href":"https:\/\/labestiapolitica.com.mx\/index.php?rest_route=\/wp\/v2\/media\/56236"}],"wp:attachment":[{"href":"https:\/\/labestiapolitica.com.mx\/index.php?rest_route=%2Fwp%2Fv2%2Fmedia&parent=56235"}],"wp:term":[{"taxonomy":"category","embeddable":true,"href":"https:\/\/labestiapolitica.com.mx\/index.php?rest_route=%2Fwp%2Fv2%2Fcategories&post=56235"},{"taxonomy":"post_tag","embeddable":true,"href":"https:\/\/labestiapolitica.com.mx\/index.php?rest_route=%2Fwp%2Fv2%2Ftags&post=56235"}],"curies":[{"name":"wp","href":"https:\/\/api.w.org\/{rel}","templated":true}]}}