{"id":56247,"date":"2025-12-07T15:53:03","date_gmt":"2025-12-07T21:53:03","guid":{"rendered":"https:\/\/labestiapolitica.com.mx\/?p=56247"},"modified":"2025-12-07T15:53:03","modified_gmt":"2025-12-07T21:53:03","slug":"ponen-a-disposicion-camioneta-involucrada-en-danos-a-patrulla-de-san-pablo-del-monte","status":"publish","type":"post","link":"https:\/\/labestiapolitica.com.mx\/?p=56247","title":{"rendered":"Ponen a disposici\u00f3n camioneta involucrada en da\u00f1os a patrulla de San Pablo del Monte"},"content":{"rendered":"<p style=\"text-align: justify;\" data-start=\"220\" data-end=\"486\">La madrugada del 7 de diciembre, elementos de la Polic\u00eda de G\u00e9nero de San Pablo del Monte atendieron un incidente en el que una camioneta ocasion\u00f3 da\u00f1os materiales a una patrulla en pleno centro del municipio, hecho tras el cual el conductor decidi\u00f3 darse a la fuga.<\/p>\n<p style=\"text-align: justify;\" data-start=\"488\" data-end=\"750\">El percance ocurri\u00f3 alrededor de las <strong data-start=\"525\" data-end=\"546\">4:45 de la ma\u00f1ana<\/strong>, cuando el conductor perdi\u00f3 el control de una camioneta <strong data-start=\"603\" data-end=\"622\">Jeep color gris<\/strong>, impactando la parte lateral derecha de la unidad oficial sobre la calle Ayuntamiento, justo frente a la presidencia municipal.<\/p>\n<p style=\"text-align: justify;\" data-start=\"752\" data-end=\"1003\">Tras el choque, los polic\u00edas iniciaron el seguimiento de la camioneta, que huy\u00f3 por la calle Tlaxcala hasta la calle 20 de Noviembre, en el barrio de San Pedro. En ese punto, el conductor ingres\u00f3 a un inmueble y abandon\u00f3 el veh\u00edculo en la v\u00eda p\u00fablica.<\/p>\n<p style=\"text-align: justify;\" data-start=\"1005\" data-end=\"1215\">La unidad fue asegurada y puesta a disposici\u00f3n de la autoridad competente, mientras se llevan a cabo los procedimientos correspondientes para que el propietario responda por los da\u00f1os ocasionados a la patrulla.<\/p>\n<p style=\"text-align: justify;\" data-start=\"1217\" data-end=\"1402\">Las autoridades municipales reiteraron que este tipo de hechos no quedar\u00e1n impunes y que se continuar\u00e1 actuando conforme a la ley para garantizar la responsabilidad de los involucrados.<\/p>\n","protected":false},"excerpt":{"rendered":"<p>La madrugada del 7 de diciembre, elementos de la Polic\u00eda de G\u00e9nero de San Pablo del Monte atendieron un incidente en el que una camioneta ocasion\u00f3 da\u00f1os materiales a una patrulla en pleno centro del municipio, hecho tras el cual el conductor decidi\u00f3 darse a la fuga. El percance ocurri\u00f3 alrededor de las 4:45 de [&hellip;]<\/p>\n","protected":false},"author":3,"featured_media":56248,"comment_status":"open","ping_status":"open","sticky":false,"template":"","format":"standard","meta":{"footnotes":""},"categories":[3,216,223],"tags":[],"class_list":["post-56247","post","type-post","status-publish","format-standard","has-post-thumbnail","hentry","category-8-columnas","category-municipios","category-san-pablo-del-monte"],"amp_enabled":true,"_links":{"self":[{"href":"https:\/\/labestiapolitica.com.mx\/index.php?rest_route=\/wp\/v2\/posts\/56247","targetHints":{"allow":["GET"]}}],"collection":[{"href":"https:\/\/labestiapolitica.com.mx\/index.php?rest_route=\/wp\/v2\/posts"}],"about":[{"href":"https:\/\/labestiapolitica.com.mx\/index.php?rest_route=\/wp\/v2\/types\/post"}],"author":[{"embeddable":true,"href":"https:\/\/labestiapolitica.com.mx\/index.php?rest_route=\/wp\/v2\/users\/3"}],"replies":[{"embeddable":true,"href":"https:\/\/labestiapolitica.com.mx\/index.php?rest_route=%2Fwp%2Fv2%2Fcomments&post=56247"}],"version-history":[{"count":1,"href":"https:\/\/labestiapolitica.com.mx\/index.php?rest_route=\/wp\/v2\/posts\/56247\/revisions"}],"predecessor-version":[{"id":56249,"href":"https:\/\/labestiapolitica.com.mx\/index.php?rest_route=\/wp\/v2\/posts\/56247\/revisions\/56249"}],"wp:featuredmedia":[{"embeddable":true,"href":"https:\/\/labestiapolitica.com.mx\/index.php?rest_route=\/wp\/v2\/media\/56248"}],"wp:attachment":[{"href":"https:\/\/labestiapolitica.com.mx\/index.php?rest_route=%2Fwp%2Fv2%2Fmedia&parent=56247"}],"wp:term":[{"taxonomy":"category","embeddable":true,"href":"https:\/\/labestiapolitica.com.mx\/index.php?rest_route=%2Fwp%2Fv2%2Fcategories&post=56247"},{"taxonomy":"post_tag","embeddable":true,"href":"https:\/\/labestiapolitica.com.mx\/index.php?rest_route=%2Fwp%2Fv2%2Ftags&post=56247"}],"curies":[{"name":"wp","href":"https:\/\/api.w.org\/{rel}","templated":true}]}}