{"id":56250,"date":"2025-12-07T16:05:48","date_gmt":"2025-12-07T22:05:48","guid":{"rendered":"https:\/\/labestiapolitica.com.mx\/?p=56250"},"modified":"2025-12-07T16:05:48","modified_gmt":"2025-12-07T22:05:48","slug":"%f0%9f%93%a2-aviso-importante-ciudadanos-de-huamantla-se-suspendera-atencion-al-publico-el-8-de-diciembre-por-actualizacion-administrativa","status":"publish","type":"post","link":"https:\/\/labestiapolitica.com.mx\/?p=56250","title":{"rendered":"\ud83d\udce2 Aviso importante ciudadanos de Huamantla Se suspender\u00e1 atenci\u00f3n al p\u00fablico el 8 de diciembre por actualizaci\u00f3n administrativa"},"content":{"rendered":"<p style=\"text-align: justify;\" data-start=\"203\" data-end=\"449\">El H. Ayuntamiento de Huamantla inform\u00f3 que este <strong data-start=\"252\" data-end=\"276\">lunes 8 de diciembre<\/strong> se suspender\u00e1 el servicio de atenci\u00f3n al p\u00fablico en la Presidencia Municipal debido a una actualizaci\u00f3n en las plataformas administrativas y en el sistema interno de redes.<\/p>\n<p style=\"text-align: justify;\" data-start=\"451\" data-end=\"613\">La administraci\u00f3n municipal se\u00f1al\u00f3 que estas acciones forman parte de un proceso de mejora continua para optimizar los servicios que se brindan a la ciudadan\u00eda.<\/p>\n<p style=\"text-align: justify;\" data-start=\"615\" data-end=\"760\">Los tr\u00e1mites y gestiones se reanudar\u00e1n de manera normal a partir del <strong data-start=\"684\" data-end=\"709\">martes 9 de diciembre<\/strong>, en el horario habitual de <strong data-start=\"737\" data-end=\"759\">8:00 a 16:00 horas<\/strong>.<\/p>\n<p style=\"text-align: justify;\" data-start=\"762\" data-end=\"1014\">El Ayuntamiento agradeci\u00f3 la comprensi\u00f3n de las y los huamantlecos ante las labores t\u00e9cnicas que \u2014enfatiz\u00f3\u2014 buscan ofrecer una atenci\u00f3n m\u00e1s eficiente y ordenada. Asimismo, reiter\u00f3 su compromiso con el trabajo institucional y el servicio a la poblaci\u00f3n.<\/p>\n<p style=\"text-align: justify;\" data-start=\"1016\" data-end=\"1287\">Se precis\u00f3 que las \u00e1reas de <strong data-start=\"1044\" data-end=\"1094\">Seguridad P\u00fablica, Tr\u00e1nsito y Protecci\u00f3n Civil<\/strong>, as\u00ed como <strong data-start=\"1105\" data-end=\"1130\">Servicios Municipales<\/strong> y <strong data-start=\"1133\" data-end=\"1155\">Servicio de Limpia<\/strong>, continuar\u00e1n operando de manera habitual para garantizar la atenci\u00f3n y funcionamiento del municipio durante la suspensi\u00f3n temporal.<\/p>\n","protected":false},"excerpt":{"rendered":"<p>El H. Ayuntamiento de Huamantla inform\u00f3 que este lunes 8 de diciembre se suspender\u00e1 el servicio de atenci\u00f3n al p\u00fablico en la Presidencia Municipal debido a una actualizaci\u00f3n en las plataformas administrativas y en el sistema interno de redes. La administraci\u00f3n municipal se\u00f1al\u00f3 que estas acciones forman parte de un proceso de mejora continua para [&hellip;]<\/p>\n","protected":false},"author":3,"featured_media":56251,"comment_status":"open","ping_status":"open","sticky":false,"template":"","format":"standard","meta":{"footnotes":""},"categories":[220,216],"tags":[],"class_list":["post-56250","post","type-post","status-publish","format-standard","has-post-thumbnail","hentry","category-huamantla","category-municipios"],"amp_enabled":true,"_links":{"self":[{"href":"https:\/\/labestiapolitica.com.mx\/index.php?rest_route=\/wp\/v2\/posts\/56250","targetHints":{"allow":["GET"]}}],"collection":[{"href":"https:\/\/labestiapolitica.com.mx\/index.php?rest_route=\/wp\/v2\/posts"}],"about":[{"href":"https:\/\/labestiapolitica.com.mx\/index.php?rest_route=\/wp\/v2\/types\/post"}],"author":[{"embeddable":true,"href":"https:\/\/labestiapolitica.com.mx\/index.php?rest_route=\/wp\/v2\/users\/3"}],"replies":[{"embeddable":true,"href":"https:\/\/labestiapolitica.com.mx\/index.php?rest_route=%2Fwp%2Fv2%2Fcomments&post=56250"}],"version-history":[{"count":1,"href":"https:\/\/labestiapolitica.com.mx\/index.php?rest_route=\/wp\/v2\/posts\/56250\/revisions"}],"predecessor-version":[{"id":56252,"href":"https:\/\/labestiapolitica.com.mx\/index.php?rest_route=\/wp\/v2\/posts\/56250\/revisions\/56252"}],"wp:featuredmedia":[{"embeddable":true,"href":"https:\/\/labestiapolitica.com.mx\/index.php?rest_route=\/wp\/v2\/media\/56251"}],"wp:attachment":[{"href":"https:\/\/labestiapolitica.com.mx\/index.php?rest_route=%2Fwp%2Fv2%2Fmedia&parent=56250"}],"wp:term":[{"taxonomy":"category","embeddable":true,"href":"https:\/\/labestiapolitica.com.mx\/index.php?rest_route=%2Fwp%2Fv2%2Fcategories&post=56250"},{"taxonomy":"post_tag","embeddable":true,"href":"https:\/\/labestiapolitica.com.mx\/index.php?rest_route=%2Fwp%2Fv2%2Ftags&post=56250"}],"curies":[{"name":"wp","href":"https:\/\/api.w.org\/{rel}","templated":true}]}}