{"id":56269,"date":"2025-12-08T09:42:39","date_gmt":"2025-12-08T15:42:39","guid":{"rendered":"https:\/\/labestiapolitica.com.mx\/?p=56269"},"modified":"2025-12-08T09:49:24","modified_gmt":"2025-12-08T15:49:24","slug":"violencia-e-inseguridad-acaparan-la-conversacion-digital-en-tlaxcala","status":"publish","type":"post","link":"https:\/\/labestiapolitica.com.mx\/?p=56269","title":{"rendered":"Violencia e inseguridad acaparan la conversaci\u00f3n digital en Tlaxcala"},"content":{"rendered":"<ul>\n<li class=\"p1\" style=\"text-align: justify;\">El An\u00e1lisis de redes sociales revela alta preocupaci\u00f3n ciudadana; el IV Informe de Gobierno y la ausencia de la gobernadora en eventos tambi\u00e9n generan reacciones<\/li>\n<\/ul>\n<p class=\"p1\" style=\"text-align: justify;\"><span class=\"s1\">Mariana LOVERA\/\/ La violencia y la inseguridad fueron los temas que m\u00e1s preocupaci\u00f3n y debate generaron entre los usuarios de redes sociales en Tlaxcala durante la primera semana de diciembre, seg\u00fan un monitoreo digital realizado por la firma Impulso Mercadol\u00f3gico.<\/span><\/p>\n<p class=\"p1\" style=\"text-align: justify;\"><span class=\"s1\">El informe, que analiz\u00f3 conversaciones en plataformas como X, Facebook, Instagram, foros locales y noticias en l\u00ednea del 1 al 7 de diciembre, ubic\u00f3 a \u201cViolencia, inseguridad, ejecuciones, asesinatos y robos\u201d como el t\u00f3pico m\u00e1s mencionado, con un 40.34% de las menciones totales. Este tema registr\u00f3 un sentimiento mayoritariamente negativo (95%), reflejando la alarma ciudadana ante la situaci\u00f3n de seguridad en el estado.<\/span><\/p>\n<p class=\"p1\" style=\"text-align: justify;\"><span class=\"s1\">En segundo lugar, con 19.63% de las menciones, se situ\u00f3 la ausencia de la gobernadora Lorena Cu\u00e9llar del evento encabezado por la Presidenta Claudia Sheinbaum, justificada por motivos de salud. La reacci\u00f3n digital ante este hecho fue mixta, con un 45% de comentarios negativos y un 36% positivos.<\/span><\/p>\n<p class=\"p1\" style=\"text-align: justify;\"><span class=\"s1\">Llama la atenci\u00f3n el tercer tema en relevancia: un intento de linchamiento contra \u201cfalso sacerdote\u201d en el municipio de Nanacamilpa, que concentr\u00f3 el 8.95% de la conversaci\u00f3n y una percepci\u00f3n predominantemente negativa (59%).<\/span><\/p>\n<p class=\"p1\" style=\"text-align: justify;\"><span class=\"s1\">La rendici\u00f3n del IV Informe de Gobierno por parte de la gobernadora Cu\u00e9llar capt\u00f3 el 8.44% de la atenci\u00f3n digital. Aunque el 41% de las reacciones fueron positivas, un significativo 51% fueron negativas. Este evento estuvo opacado por un incidente reportado como \u201cDesbandada en el 4\u00ba Informe: Asistentes se retiran en pleno discurso\u201d, que, si bien solo represent\u00f3 el 1.18% de las menciones, tuvo un sentimiento negativo del 59%.<\/span><\/p>\n<p class=\"p1\" style=\"text-align: justify;\"><span class=\"s1\">La aparici\u00f3n de siglas del C\u00e1rtel Jalisco Nueva Generaci\u00f3n (CJNG) en calles de la comunidad de Acuitlapilco gener\u00f3 alarma y un 79% de reacciones negativas. En contraste, el anuncio del \u201cNuevo Palenque y puente al Parque de la Juventud\u201d para la nueva Feria fue el \u00fanico tema con balance positivo neto (+10%), recibiendo un 51% de comentarios favorables.<\/span><\/p>\n<p class=\"p1\" style=\"text-align: justify;\"><span class=\"s1\">En cuanto a interacciones, el tema de la violencia lider\u00f3 en reacciones de \u201cMe enoja \u201d (45,148) y \u201cMe entristece\u201d (23,149). El intento de linchamiento en Nanacamilpa gener\u00f3 la mayor cantidad de \u201cMe asombra\u201d (31,259), mientras que el anuncio de la nueva Feria obtuvo un alto n\u00famero de \u201cMe encanta\u201d (6,524).<\/span><\/p>\n<p class=\"p1\" style=\"text-align: justify;\"><span class=\"s1\">El an\u00e1lisis concluye que la seguridad p\u00fablica sigue siendo la principal preocupaci\u00f3n de los tlaxcaltecas en el espacio digital, marcando la agenda y el tono de la conversaci\u00f3n p\u00fablica, muy por encima de los anuncios de gobierno o los eventos pol\u00edticos y culturales.<\/span><\/p>\n<p class=\"p1\" style=\"text-align: justify;\"><span class=\"s1\">El reporte fue elaborado con herramientas como Hootsuite y Brandwatch, analizando publicaciones y comentarios en el periodo mencionado.<\/span><\/p>\n","protected":false},"excerpt":{"rendered":"<p>El An\u00e1lisis de redes sociales revela alta preocupaci\u00f3n ciudadana; el IV Informe de Gobierno y la ausencia de la gobernadora en eventos tambi\u00e9n generan reacciones Mariana LOVERA\/\/ La violencia y la inseguridad fueron los temas que m\u00e1s preocupaci\u00f3n y debate generaron entre los usuarios de redes sociales en Tlaxcala durante la primera semana de diciembre, [&hellip;]<\/p>\n","protected":false},"author":6,"featured_media":56270,"comment_status":"open","ping_status":"open","sticky":false,"template":"","format":"standard","meta":{"footnotes":""},"categories":[3,12],"tags":[],"class_list":["post-56269","post","type-post","status-publish","format-standard","has-post-thumbnail","hentry","category-8-columnas","category-brujula-2026"],"amp_enabled":true,"_links":{"self":[{"href":"https:\/\/labestiapolitica.com.mx\/index.php?rest_route=\/wp\/v2\/posts\/56269","targetHints":{"allow":["GET"]}}],"collection":[{"href":"https:\/\/labestiapolitica.com.mx\/index.php?rest_route=\/wp\/v2\/posts"}],"about":[{"href":"https:\/\/labestiapolitica.com.mx\/index.php?rest_route=\/wp\/v2\/types\/post"}],"author":[{"embeddable":true,"href":"https:\/\/labestiapolitica.com.mx\/index.php?rest_route=\/wp\/v2\/users\/6"}],"replies":[{"embeddable":true,"href":"https:\/\/labestiapolitica.com.mx\/index.php?rest_route=%2Fwp%2Fv2%2Fcomments&post=56269"}],"version-history":[{"count":1,"href":"https:\/\/labestiapolitica.com.mx\/index.php?rest_route=\/wp\/v2\/posts\/56269\/revisions"}],"predecessor-version":[{"id":56271,"href":"https:\/\/labestiapolitica.com.mx\/index.php?rest_route=\/wp\/v2\/posts\/56269\/revisions\/56271"}],"wp:featuredmedia":[{"embeddable":true,"href":"https:\/\/labestiapolitica.com.mx\/index.php?rest_route=\/wp\/v2\/media\/56270"}],"wp:attachment":[{"href":"https:\/\/labestiapolitica.com.mx\/index.php?rest_route=%2Fwp%2Fv2%2Fmedia&parent=56269"}],"wp:term":[{"taxonomy":"category","embeddable":true,"href":"https:\/\/labestiapolitica.com.mx\/index.php?rest_route=%2Fwp%2Fv2%2Fcategories&post=56269"},{"taxonomy":"post_tag","embeddable":true,"href":"https:\/\/labestiapolitica.com.mx\/index.php?rest_route=%2Fwp%2Fv2%2Ftags&post=56269"}],"curies":[{"name":"wp","href":"https:\/\/api.w.org\/{rel}","templated":true}]}}