{"id":56292,"date":"2025-12-08T12:29:18","date_gmt":"2025-12-08T18:29:18","guid":{"rendered":"https:\/\/labestiapolitica.com.mx\/?p=56292"},"modified":"2025-12-08T12:38:19","modified_gmt":"2025-12-08T18:38:19","slug":"exigen-padres-de-familia-en-san-miguel-del-milagro-investigacion-al-presidente-de-comunidad-por-intromision-e-irregularidades","status":"publish","type":"post","link":"https:\/\/labestiapolitica.com.mx\/?p=56292","title":{"rendered":"Exigen Padres de Familia en San Miguel del Milagro investigaci\u00f3n al presidente de comunidad, por Intromisi\u00f3n e Irregularidades"},"content":{"rendered":"<p style=\"text-align: justify;\">Redacci\u00f3n\/\/ Padres de familia de la Escuela Primaria \u00abL\u00e1zaro C\u00e1rdenas\u00bb se manifestaron en las instalaciones educativas para exigir una investigaci\u00f3n exhaustiva dirigida al Presidente de Comunidad, Alfonso Ben\u00edtez, por una presunta intromisi\u00f3n arbitraria en asuntos escolares y conducta mis\u00f3gina.<\/p>\n<p style=\"text-align: justify;\">Los Denunciantes Alegan:<\/p>\n<p style=\"text-align: justify;\">1. Intromisi\u00f3n y Uso Indebido de Cargo: El Sr. Ben\u00edtez habr\u00eda utilizado su posici\u00f3n para promover una queja formal contra la ex directora del plantel, impulsado por un supuesto conflicto personal, y no por el inter\u00e9s general de la comunidad educativa.<br \/>\n2. Documentaci\u00f3n Irregular: Se cuestiona la validez de una solicitud presentada por el Sr. Ben\u00edtez, ya que, a pesar de mencionar al Comit\u00e9 de Padres de Familia, carecer\u00eda de firmas aut\u00f3grafas o nombres espec\u00edficos que avalen su contenido, lo que sugiere una falta de respaldo leg\u00edtimo.<br \/>\n3. Presi\u00f3n sobre Autoridades Educativas: Se alega que dicha solicitud cont\u00f3 con la anuencia de la directora de Educaci\u00f3n Primaria, Aida S\u00e1nchez Ju\u00e1rez, lo que generar\u00eda dudas sobre la objetividad del procedimiento que result\u00f3 en el cambio de la direcci\u00f3n escolar.<br \/>\n4. Conducta Intimidatoria y Mis\u00f3gina: Diversos testimonios se\u00f1alan que el Sr. Ben\u00edtez habr\u00eda realizado comentarios y amenazas veladas contra quienes se opusieran a sus acciones, espec\u00edficamente durante el proceso de remoci\u00f3n de la maestra Teresa N., creando un clima de temor e inseguridad entre las familias, especialmente entre las madres.<br \/>\n5. Invocaci\u00f3n de Grupos Ilegales: De manera grave, se se\u00f1ala que el funcionario habr\u00eda hecho alusi\u00f3n a v\u00ednculos con grupos de presuntas pr\u00e1cticas ilegales para amedrentar a la comunidad.<\/p>\n<p style=\"text-align: justify;\">Ante estos hechos, la Asamblea de Padres de Familia legitima su protesta y exige de manera urgente la intervenci\u00f3n de:<\/p>\n<p style=\"text-align: justify;\">\u00b7 El Secretario de Educaci\u00f3n P\u00fablica del Estado, Homero Meneses.<br \/>\n\u00b7 La Gobernadora Constitucional del Estado, Lorena Cu\u00e9llar Cisneros.<\/p>\n<p style=\"text-align: justify;\">Objetivos de la Petici\u00f3n:<\/p>\n<p style=\"text-align: justify;\">\u00b7 Que se inicie una investigaci\u00f3n imparcial y expedita sobre la actuaci\u00f3n del Presidente de Comunidad, Alfonso Ben\u00edtez, por presunto abuso de autoridad, intromisi\u00f3n en funciones educativas y conducta mis\u00f3gina e intimidatoria.<br \/>\n\u00b7 Que se audite el proceso administrativo que deriv\u00f3 en los cambios de personal directivo y docente, verificando la legalidad y transparencia de los documentos presentados.<br \/>\n\u00b7 Que se garantice la seguridad de las familias, docentes y alumnos, y se prevenga cualquier acto de violencia o represalia.<br \/>\n\u00b7 Que se restablezca la normalidad en el entorno escolar, basada en el di\u00e1logo respetuoso y el apego a la legalidad, libre de presiones externas indebidas.<\/p>\n<p style=\"text-align: justify;\">Los padres de familia hacen un llamado a las m\u00e1ximas autoridades para que, en el \u00e1mbito de sus competencias, garanticen la justicia, la transparencia y el derecho a una educaci\u00f3n libre de conflictos impropios, velando por el inter\u00e9s superior de las ni\u00f1as y ni\u00f1os de la comunidad.<\/p>\n<p><img loading=\"lazy\" decoding=\"async\" class=\"alignnone size-full wp-image-56294\" src=\"https:\/\/labestiapolitica.com.mx\/wp-content\/uploads\/2025\/12\/WhatsApp-Image-2025-12-08-at-10.32.22-AM.jpeg\" alt=\"\" width=\"993\" height=\"1280\" srcset=\"https:\/\/labestiapolitica.com.mx\/wp-content\/uploads\/2025\/12\/WhatsApp-Image-2025-12-08-at-10.32.22-AM.jpeg 993w, https:\/\/labestiapolitica.com.mx\/wp-content\/uploads\/2025\/12\/WhatsApp-Image-2025-12-08-at-10.32.22-AM-233x300.jpeg 233w, https:\/\/labestiapolitica.com.mx\/wp-content\/uploads\/2025\/12\/WhatsApp-Image-2025-12-08-at-10.32.22-AM-794x1024.jpeg 794w, https:\/\/labestiapolitica.com.mx\/wp-content\/uploads\/2025\/12\/WhatsApp-Image-2025-12-08-at-10.32.22-AM-768x990.jpeg 768w\" sizes=\"auto, (max-width: 993px) 100vw, 993px\" \/><\/p>\n<p><img loading=\"lazy\" decoding=\"async\" class=\"alignnone size-full wp-image-55876\" src=\"https:\/\/labestiapolitica.com.mx\/wp-content\/uploads\/2025\/12\/WhatsApp-Image-2025-09-09-at-1.53.55-PM-2.jpeg\" alt=\"\" width=\"940\" height=\"788\" srcset=\"https:\/\/labestiapolitica.com.mx\/wp-content\/uploads\/2025\/12\/WhatsApp-Image-2025-09-09-at-1.53.55-PM-2.jpeg 940w, https:\/\/labestiapolitica.com.mx\/wp-content\/uploads\/2025\/12\/WhatsApp-Image-2025-09-09-at-1.53.55-PM-2-300x251.jpeg 300w, https:\/\/labestiapolitica.com.mx\/wp-content\/uploads\/2025\/12\/WhatsApp-Image-2025-09-09-at-1.53.55-PM-2-768x644.jpeg 768w\" sizes=\"auto, (max-width: 940px) 100vw, 940px\" \/><\/p>\n","protected":false},"excerpt":{"rendered":"<p>Redacci\u00f3n\/\/ Padres de familia de la Escuela Primaria \u00abL\u00e1zaro C\u00e1rdenas\u00bb se manifestaron en las instalaciones educativas para exigir una investigaci\u00f3n exhaustiva dirigida al Presidente de Comunidad, Alfonso Ben\u00edtez, por una presunta intromisi\u00f3n arbitraria en asuntos escolares y conducta mis\u00f3gina. Los Denunciantes Alegan: 1. Intromisi\u00f3n y Uso Indebido de Cargo: El Sr. Ben\u00edtez habr\u00eda utilizado su [&hellip;]<\/p>\n","protected":false},"author":3,"featured_media":56293,"comment_status":"open","ping_status":"open","sticky":false,"template":"","format":"standard","meta":{"footnotes":""},"categories":[7],"tags":[],"class_list":["post-56292","post","type-post","status-publish","format-standard","has-post-thumbnail","hentry","category-ciudadanos"],"amp_enabled":true,"_links":{"self":[{"href":"https:\/\/labestiapolitica.com.mx\/index.php?rest_route=\/wp\/v2\/posts\/56292","targetHints":{"allow":["GET"]}}],"collection":[{"href":"https:\/\/labestiapolitica.com.mx\/index.php?rest_route=\/wp\/v2\/posts"}],"about":[{"href":"https:\/\/labestiapolitica.com.mx\/index.php?rest_route=\/wp\/v2\/types\/post"}],"author":[{"embeddable":true,"href":"https:\/\/labestiapolitica.com.mx\/index.php?rest_route=\/wp\/v2\/users\/3"}],"replies":[{"embeddable":true,"href":"https:\/\/labestiapolitica.com.mx\/index.php?rest_route=%2Fwp%2Fv2%2Fcomments&post=56292"}],"version-history":[{"count":1,"href":"https:\/\/labestiapolitica.com.mx\/index.php?rest_route=\/wp\/v2\/posts\/56292\/revisions"}],"predecessor-version":[{"id":56295,"href":"https:\/\/labestiapolitica.com.mx\/index.php?rest_route=\/wp\/v2\/posts\/56292\/revisions\/56295"}],"wp:featuredmedia":[{"embeddable":true,"href":"https:\/\/labestiapolitica.com.mx\/index.php?rest_route=\/wp\/v2\/media\/56293"}],"wp:attachment":[{"href":"https:\/\/labestiapolitica.com.mx\/index.php?rest_route=%2Fwp%2Fv2%2Fmedia&parent=56292"}],"wp:term":[{"taxonomy":"category","embeddable":true,"href":"https:\/\/labestiapolitica.com.mx\/index.php?rest_route=%2Fwp%2Fv2%2Fcategories&post=56292"},{"taxonomy":"post_tag","embeddable":true,"href":"https:\/\/labestiapolitica.com.mx\/index.php?rest_route=%2Fwp%2Fv2%2Ftags&post=56292"}],"curies":[{"name":"wp","href":"https:\/\/api.w.org\/{rel}","templated":true}]}}