{"id":56309,"date":"2025-12-08T15:21:31","date_gmt":"2025-12-08T21:21:31","guid":{"rendered":"https:\/\/labestiapolitica.com.mx\/?p=56309"},"modified":"2025-12-08T15:21:31","modified_gmt":"2025-12-08T21:21:31","slug":"comecot-celebra-su-cena-de-fin-de-ano-su-presidente-llama-a-la-unidad-y-a-enfrentar-la-desinformacion-tlaxcala-diciembre-de-2025","status":"publish","type":"post","link":"https:\/\/labestiapolitica.com.mx\/?p=56309","title":{"rendered":"Comecot celebra su cena de fin de a\u00f1o; su presidente llama a la unidad y a enfrentar la desinformaci\u00f3n  Tlaxcala, diciembre de 2025."},"content":{"rendered":"<p style=\"text-align: justify;\">En un ambiente de camarader\u00eda y entre representantes de 26 medios nativos digitales, el Consejo de Medios de Comunicaci\u00f3n y Periodistas de Tlaxcala (Comecot) realiz\u00f3 su festejo anual de fin de a\u00f1o, donde su presidente, Edgardo Cabrera, dirigi\u00f3 un mensaje centrado en la unidad del gremio, la independencia del organismo y la defensa del ejercicio period\u00edstico en el estado.<\/p>\n<p style=\"text-align: justify;\">Durante su intervenci\u00f3n, Cabrera destac\u00f3 que el evento se llev\u00f3 a cabo exclusivamente mediante aportaciones econ\u00f3micas de sus integrantes, sin financiamientos externos. Subray\u00f3 que esta decisi\u00f3n refleja el compromiso del Consejo por mantener su autonom\u00eda y fortalecer un modelo de organizaci\u00f3n sustentado en la corresponsabilidad de los propios empresarios de medios.<\/p>\n<p style=\"text-align: justify;\">El presidente del Comecot record\u00f3 que en dos a\u00f1os el organismo qued\u00f3 legalmente constituido \u2014bajo el instrumento notarial n\u00famero 3,176 de julio de 2022\u2014 y celebr\u00f3 que, tras la \u00faltima asamblea, el Consejo alcanz\u00f3 su mayor n\u00famero hist\u00f3rico de agremiados, con 26 medios digitales incorporados desde su creaci\u00f3n en 2020. Reconoci\u00f3 adem\u00e1s a las y los fundadores que han sostenido el proyecto, incluidos quienes regresaron despu\u00e9s de un periodo fuera.<\/p>\n<p style=\"text-align: justify;\">Mensaje ante rumores legislativos<\/p>\n<p style=\"text-align: justify;\">Cabrera dedic\u00f3 un tramo de su discurso a aclarar las versiones que circulan sobre una supuesta iniciativa legislativa que pretende establecer qui\u00e9n puede o no ejercer el periodismo en Tlaxcala. Tras reuniones con representantes de la Junta de Coordinaci\u00f3n y Concertaci\u00f3n Pol\u00edtica (JCCP), la Mesa Directiva del Congreso, el Comit\u00e9 de Administraci\u00f3n y el enlace del Ejecutivo, afirm\u00f3 que no existe tal iniciativa.<\/p>\n<p style=\"text-align: justify;\">Calific\u00f3 el tema como \u201csolo palabrer\u00eda\u201d y un intento por generar incertidumbre entre los comunicadores mediante \u201cmentiras y chantajes\u201d. Asegur\u00f3 que el Comecot no caer\u00e1 en provocaciones ni emitir\u00e1 posicionamientos frente a lo que defini\u00f3 como maniobras para ganar reflectores y agremiados.<\/p>\n<p style=\"text-align: justify;\">No obstante, fue enf\u00e1tico en advertir que, si en alg\u00fan momento se presenta una iniciativa relacionada con el ejercicio period\u00edstico o la protecci\u00f3n a periodistas y defensores de derechos humanos, el Consejo participar\u00e1 activamente en la discusi\u00f3n para evitar atropellos de cualquier poder pol\u00edtico.<\/p>\n<p style=\"text-align: justify;\">Llamado a la cautela y a la acci\u00f3n<\/p>\n<p style=\"text-align: justify;\">En un contexto que describi\u00f3 como \u201ctiempos aciagos\u201d para el gremio, Cabrera llam\u00f3 a los integrantes del Comecot a mantenerse atentos, anal\u00edticos y a actuar con precisi\u00f3n: \u201cNo debemos ser reactivos, m\u00e1s bien proactivos\u201d, se\u00f1al\u00f3. Anticip\u00f3 que en la pr\u00f3xima asamblea se dar\u00e1n a conocer \u201cexcelentes noticias\u201d para el organismo.<\/p>\n<p>Finalmente, extendi\u00f3 a nombre de la Mesa Directiva sus deseos de salud, prosperidad y \u00e9xito para los periodistas y empresarios presentes, as\u00ed como para las familias que dependen de la labor informativa<\/p>\n","protected":false},"excerpt":{"rendered":"<p>En un ambiente de camarader\u00eda y entre representantes de 26 medios nativos digitales, el Consejo de Medios de Comunicaci\u00f3n y Periodistas de Tlaxcala (Comecot) realiz\u00f3 su festejo anual de fin de a\u00f1o, donde su presidente, Edgardo Cabrera, dirigi\u00f3 un mensaje centrado en la unidad del gremio, la independencia del organismo y la defensa del ejercicio [&hellip;]<\/p>\n","protected":false},"author":3,"featured_media":56310,"comment_status":"open","ping_status":"open","sticky":false,"template":"","format":"standard","meta":{"footnotes":""},"categories":[3,7],"tags":[],"class_list":["post-56309","post","type-post","status-publish","format-standard","has-post-thumbnail","hentry","category-8-columnas","category-ciudadanos"],"amp_enabled":true,"_links":{"self":[{"href":"https:\/\/labestiapolitica.com.mx\/index.php?rest_route=\/wp\/v2\/posts\/56309","targetHints":{"allow":["GET"]}}],"collection":[{"href":"https:\/\/labestiapolitica.com.mx\/index.php?rest_route=\/wp\/v2\/posts"}],"about":[{"href":"https:\/\/labestiapolitica.com.mx\/index.php?rest_route=\/wp\/v2\/types\/post"}],"author":[{"embeddable":true,"href":"https:\/\/labestiapolitica.com.mx\/index.php?rest_route=\/wp\/v2\/users\/3"}],"replies":[{"embeddable":true,"href":"https:\/\/labestiapolitica.com.mx\/index.php?rest_route=%2Fwp%2Fv2%2Fcomments&post=56309"}],"version-history":[{"count":1,"href":"https:\/\/labestiapolitica.com.mx\/index.php?rest_route=\/wp\/v2\/posts\/56309\/revisions"}],"predecessor-version":[{"id":56311,"href":"https:\/\/labestiapolitica.com.mx\/index.php?rest_route=\/wp\/v2\/posts\/56309\/revisions\/56311"}],"wp:featuredmedia":[{"embeddable":true,"href":"https:\/\/labestiapolitica.com.mx\/index.php?rest_route=\/wp\/v2\/media\/56310"}],"wp:attachment":[{"href":"https:\/\/labestiapolitica.com.mx\/index.php?rest_route=%2Fwp%2Fv2%2Fmedia&parent=56309"}],"wp:term":[{"taxonomy":"category","embeddable":true,"href":"https:\/\/labestiapolitica.com.mx\/index.php?rest_route=%2Fwp%2Fv2%2Fcategories&post=56309"},{"taxonomy":"post_tag","embeddable":true,"href":"https:\/\/labestiapolitica.com.mx\/index.php?rest_route=%2Fwp%2Fv2%2Ftags&post=56309"}],"curies":[{"name":"wp","href":"https:\/\/api.w.org\/{rel}","templated":true}]}}