{"id":56312,"date":"2025-12-08T15:35:48","date_gmt":"2025-12-08T21:35:48","guid":{"rendered":"https:\/\/labestiapolitica.com.mx\/?p=56312"},"modified":"2025-12-08T15:43:13","modified_gmt":"2025-12-08T21:43:13","slug":"confirma-cuellar-cisneros-operacion-de-cuerda-vocales","status":"publish","type":"post","link":"https:\/\/labestiapolitica.com.mx\/?p=56312","title":{"rendered":"Confirma Cu\u00e9llar Cisneros operaci\u00f3n de cuerdas vocales"},"content":{"rendered":"<ul>\n<li>Ser\u00e1 sometida a una intervenci\u00f3n quir\u00fargica para retirar los p\u00f3lipos que se le han formado en la garganta<\/li>\n<\/ul>\n<p style=\"text-align: justify;\">Mariana LOVERA\/\/ Tal y como lo adelant\u00f3 el s\u00e1bado en un video que subi\u00f3 a sus redes sociales, la gobernadora de Tlaxcala, Lorena Cu\u00e9llar Cisneros, reiter\u00f3 que ser\u00e1 sometida a una intervenci\u00f3n quir\u00fargica en las cuerdas vocales, para retirar los p\u00f3lipos que se le han formado en la garganta<\/p>\n<p style=\"text-align: justify;\">Ya desde el fin de semana, la mandataria hab\u00eda informado que no asistir\u00eda al evento por los 7 a\u00f1os de la 4T en la Ciudad de M\u00e9xico, debido a que el doctor le solicit\u00f3 reposo, pues el domingo encabezar\u00eda su cuarto informe de gobierno.<\/p>\n<p style=\"text-align: justify;\">Ah\u00ed mismo, se\u00f1al\u00f3 que en breve ser\u00eda operada, hecho que confirm\u00f3 este lunes, en una entrevista colectiva con medios de comunicaci\u00f3n.<\/p>\n<p style=\"text-align: justify;\">Cu\u00e9llar Cisneros detall\u00f3 que tuvo que acudir a un especialista en foniatr\u00eda, quienes le prescribi\u00f3 un tratamiento intensivo que la oblig\u00f3 a permanecer tres d\u00edas sin hablar.<\/p>\n<p style=\"text-align: justify;\">Agreg\u00f3 que despu\u00e9s de su operaci\u00f3n seguir\u00e1 trabajando de manera normal, aunque no podr\u00e1 emitir sonido.<\/p>\n","protected":false},"excerpt":{"rendered":"<p>Ser\u00e1 sometida a una intervenci\u00f3n quir\u00fargica para retirar los p\u00f3lipos que se le han formado en la garganta Mariana LOVERA\/\/ Tal y como lo adelant\u00f3 el s\u00e1bado en un video que subi\u00f3 a sus redes sociales, la gobernadora de Tlaxcala, Lorena Cu\u00e9llar Cisneros, reiter\u00f3 que ser\u00e1 sometida a una intervenci\u00f3n quir\u00fargica en las cuerdas vocales, [&hellip;]<\/p>\n","protected":false},"author":6,"featured_media":56313,"comment_status":"open","ping_status":"open","sticky":false,"template":"","format":"standard","meta":{"footnotes":""},"categories":[3,7,236],"tags":[],"class_list":["post-56312","post","type-post","status-publish","format-standard","has-post-thumbnail","hentry","category-8-columnas","category-ciudadanos","category-gobierno-de-tlaxcala"],"amp_enabled":true,"_links":{"self":[{"href":"https:\/\/labestiapolitica.com.mx\/index.php?rest_route=\/wp\/v2\/posts\/56312","targetHints":{"allow":["GET"]}}],"collection":[{"href":"https:\/\/labestiapolitica.com.mx\/index.php?rest_route=\/wp\/v2\/posts"}],"about":[{"href":"https:\/\/labestiapolitica.com.mx\/index.php?rest_route=\/wp\/v2\/types\/post"}],"author":[{"embeddable":true,"href":"https:\/\/labestiapolitica.com.mx\/index.php?rest_route=\/wp\/v2\/users\/6"}],"replies":[{"embeddable":true,"href":"https:\/\/labestiapolitica.com.mx\/index.php?rest_route=%2Fwp%2Fv2%2Fcomments&post=56312"}],"version-history":[{"count":2,"href":"https:\/\/labestiapolitica.com.mx\/index.php?rest_route=\/wp\/v2\/posts\/56312\/revisions"}],"predecessor-version":[{"id":56315,"href":"https:\/\/labestiapolitica.com.mx\/index.php?rest_route=\/wp\/v2\/posts\/56312\/revisions\/56315"}],"wp:featuredmedia":[{"embeddable":true,"href":"https:\/\/labestiapolitica.com.mx\/index.php?rest_route=\/wp\/v2\/media\/56313"}],"wp:attachment":[{"href":"https:\/\/labestiapolitica.com.mx\/index.php?rest_route=%2Fwp%2Fv2%2Fmedia&parent=56312"}],"wp:term":[{"taxonomy":"category","embeddable":true,"href":"https:\/\/labestiapolitica.com.mx\/index.php?rest_route=%2Fwp%2Fv2%2Fcategories&post=56312"},{"taxonomy":"post_tag","embeddable":true,"href":"https:\/\/labestiapolitica.com.mx\/index.php?rest_route=%2Fwp%2Fv2%2Ftags&post=56312"}],"curies":[{"name":"wp","href":"https:\/\/api.w.org\/{rel}","templated":true}]}}