{"id":56319,"date":"2025-12-08T16:32:31","date_gmt":"2025-12-08T22:32:31","guid":{"rendered":"https:\/\/labestiapolitica.com.mx\/?p=56319"},"modified":"2025-12-08T16:32:31","modified_gmt":"2025-12-08T22:32:31","slug":"gobierno-municipal-de-totolac-enciende-luces-navidenas","status":"publish","type":"post","link":"https:\/\/labestiapolitica.com.mx\/?p=56319","title":{"rendered":"\u00a1Gobierno Municipal de Totolac enciende luces navide\u00f1as!."},"content":{"rendered":"<p style=\"text-align: justify;\">La magia de la navidad ha llegado a Totolac; el presidente municipal Benjam\u00edn Atonal Conde, el personal del Gobierno Municipal de Totolac 24-27 y decenas de familias se dieron cita en la \ud835\uddd6\ud835\uddee\ud835\uddff\ud835\uddff\ud835\uddf2\ud835\ude01\ud835\uddf2\ud835\uddff\ud835\uddee \ud835\uddd9\ud835\uddf2\ud835\uddf1\ud835\uddf2\ud835\uddff\ud835\uddee\ud835\uddf9 \ud835\udde7\ud835\uddf9\ud835\uddee\ud835\ude05\ud835\uddf0\ud835\uddee\ud835\uddf9\ud835\uddee-\ud835\udde7\ud835\uddf2\ud835\ude05\ud835\uddfa\ud835\uddf2\ud835\uddf9\ud835\ude02\ud835\uddf0\ud835\uddee\ud835\uddfb \ud835\uddfd\ud835\uddfc\ud835\uddff \ud835\uddf1\ud835\uddfc\ud835\uddfb\ud835\uddf1\ud835\uddf2 \ud835\uddfd\ud835\uddee\ud835\ude00\u00f3 \ud835\uddf9\ud835\uddee \ud835\uddf0\ud835\uddee\ud835\uddff\ud835\uddee\ud835\ude03\ud835\uddee\ud835\uddfb\ud835\uddee \ud835\uddfb\ud835\uddee\ud835\ude03\ud835\uddf6\ud835\uddf1\ud835\uddf2\u00f1\ud835\uddee, para llegar a la explanada municipal y llevar a cabo el encendido de luces.<\/p>\n<p style=\"text-align: justify;\">En su intervenci\u00f3n el Presidente Municipal expres\u00f3 que es gratificante recibir las fechas decembrinas, porque permiten espacios de convivencia y esparcimiento para las y los Totolaquenses, buscando en todo momento la unidad y la paz, subray\u00f3 que \ud835\uddfb\ud835\uddfc \ud835\ude00\ud835\uddf2 \ud835\ude01\ud835\uddff\ud835\uddee\ud835\ude01\ud835\uddee \ud835\ude00\ud835\uddfc\ud835\uddf9\ud835\uddee\ud835\uddfa\ud835\uddf2\ud835\uddfb\ud835\ude01\ud835\uddf2 \ud835\uddf1\ud835\uddf2 \ud835\uddfd\ud835\uddff\ud835\uddfc\ud835\uddfa\ud835\uddfc\ud835\ude03\ud835\uddf2\ud835\uddff \ud835\uddf0\ud835\uddfc\ud835\ude00\ud835\uddee\ud835\ude00 \ud835\uddfa\ud835\uddee\ud835\ude01\ud835\uddf2\ud835\uddff\ud835\uddf6\ud835\uddee\ud835\uddf9\ud835\uddf2\ud835\ude00, \ud835\ude00\ud835\uddf6 \ud835\uddfb\ud835\uddfc \ud835\uddf1\ud835\uddf2 \ud835\uddee\ud835\uddfd\ud835\uddff\ud835\uddfc\ud835\ude03\ud835\uddf2\ud835\uddf0\ud835\uddf5\ud835\uddee\ud835\uddff \ud835\uddf9\ud835\uddee\ud835\ude00 \ud835\uddf3\ud835\uddf2\ud835\uddf0\ud835\uddf5\ud835\uddee\ud835\ude00 \ud835\uddfd\ud835\uddee\ud835\uddff\ud835\uddee \ud835\uddff\ud835\uddf2\ud835\uddf3\ud835\uddf9\ud835\uddf2\ud835\ude05\ud835\uddf6\ud835\uddfc\ud835\uddfb\ud835\uddee\ud835\uddff \ud835\ude06 \ud835\uddff\ud835\uddf2\ud835\uddf0\ud835\uddfc\ud835\uddfb\ud835\uddfc\ud835\uddf0\ud835\uddf2\ud835\uddff \ud835\uddfe\ud835\ude02\ud835\uddf2 \ud835\uddf9\ud835\uddee \ud835\uddf0\ud835\uddfc\ud835\uddfb\ud835\ude00\ud835\ude01\ud835\uddff\ud835\ude02\ud835\uddf0\ud835\uddf0\ud835\uddf6\u00f3\ud835\uddfb \ud835\uddf1\ud835\uddf2 \ud835\ude02\ud835\uddfb \ud835\uddfa\ud835\uddf2\ud835\uddf7\ud835\uddfc\ud835\uddff \ud835\uddfa\ud835\ude02\ud835\uddfb\ud835\uddf6\ud835\uddf0\ud835\uddf6\ud835\uddfd\ud835\uddf6\ud835\uddfc \ud835\uddff\ud835\uddf2\ud835\uddfe\ud835\ude02\ud835\uddf6\ud835\uddf2\ud835\uddff\ud835\uddf2 de la participaci\u00f3n de todas y todos, a trav\u00e9s de la promoci\u00f3n de la empat\u00eda, la esperanza y el amor por Totolac.<\/p>\n<p style=\"text-align: justify;\">Agradeci\u00f3 la notable participaci\u00f3n del personal del ayuntamiento para hacer posible dicha actividad y reconoci\u00f3 a \ud835\uddf9\ud835\uddfc\ud835\ude00 \ud835\uddf1\ud835\uddf6\ud835\ude00\ud835\ude01\ud835\uddf6\ud835\uddfb\ud835\ude01\ud835\uddfc\ud835\ude00 \ud835\ude00\ud835\uddf2\ud835\uddf0\ud835\ude01\ud835\uddfc\ud835\uddff\ud835\uddf2\ud835\ude00 \ud835\uddf1\ud835\uddf2 \ud835\uddf9\ud835\uddee \ud835\uddfd\ud835\uddfc\ud835\uddef\ud835\uddf9\ud835\uddee\ud835\uddf0\ud835\uddf6\u00f3\ud835\uddfb \ud835\uddfe\ud835\ude02\ud835\uddf2 \ud835\ude00\ud835\uddf2 \ud835\ude00\ud835\ude02\ud835\uddfa\ud835\uddee\ud835\uddff\ud835\uddfc\ud835\uddfb \ud835\uddee \ud835\uddf9\ud835\uddee \ud835\uddfb\ud835\uddfc\ud835\uddef\ud835\uddf9\ud835\uddf2 \ud835\uddf0\ud835\uddee\ud835\ude02\ud835\ude00\ud835\uddee; \u00e9chale un vistazo a la galer\u00eda de fotos.<\/p>\n","protected":false},"excerpt":{"rendered":"<p>La magia de la navidad ha llegado a Totolac; el presidente municipal Benjam\u00edn Atonal Conde, el personal del Gobierno Municipal de Totolac 24-27 y decenas de familias se dieron cita en la \ud835\uddd6\ud835\uddee\ud835\uddff\ud835\uddff\ud835\uddf2\ud835\ude01\ud835\uddf2\ud835\uddff\ud835\uddee \ud835\uddd9\ud835\uddf2\ud835\uddf1\ud835\uddf2\ud835\uddff\ud835\uddee\ud835\uddf9 \ud835\udde7\ud835\uddf9\ud835\uddee\ud835\ude05\ud835\uddf0\ud835\uddee\ud835\uddf9\ud835\uddee-\ud835\udde7\ud835\uddf2\ud835\ude05\ud835\uddfa\ud835\uddf2\ud835\uddf9\ud835\ude02\ud835\uddf0\ud835\uddee\ud835\uddfb \ud835\uddfd\ud835\uddfc\ud835\uddff \ud835\uddf1\ud835\uddfc\ud835\uddfb\ud835\uddf1\ud835\uddf2 \ud835\uddfd\ud835\uddee\ud835\ude00\u00f3 \ud835\uddf9\ud835\uddee \ud835\uddf0\ud835\uddee\ud835\uddff\ud835\uddee\ud835\ude03\ud835\uddee\ud835\uddfb\ud835\uddee \ud835\uddfb\ud835\uddee\ud835\ude03\ud835\uddf6\ud835\uddf1\ud835\uddf2\u00f1\ud835\uddee, para llegar a la explanada municipal y llevar a cabo el encendido de luces. [&hellip;]<\/p>\n","protected":false},"author":5,"featured_media":56320,"comment_status":"open","ping_status":"open","sticky":false,"template":"","format":"standard","meta":{"footnotes":""},"categories":[7,216,225],"tags":[],"class_list":["post-56319","post","type-post","status-publish","format-standard","has-post-thumbnail","hentry","category-ciudadanos","category-municipios","category-totolac"],"amp_enabled":true,"_links":{"self":[{"href":"https:\/\/labestiapolitica.com.mx\/index.php?rest_route=\/wp\/v2\/posts\/56319","targetHints":{"allow":["GET"]}}],"collection":[{"href":"https:\/\/labestiapolitica.com.mx\/index.php?rest_route=\/wp\/v2\/posts"}],"about":[{"href":"https:\/\/labestiapolitica.com.mx\/index.php?rest_route=\/wp\/v2\/types\/post"}],"author":[{"embeddable":true,"href":"https:\/\/labestiapolitica.com.mx\/index.php?rest_route=\/wp\/v2\/users\/5"}],"replies":[{"embeddable":true,"href":"https:\/\/labestiapolitica.com.mx\/index.php?rest_route=%2Fwp%2Fv2%2Fcomments&post=56319"}],"version-history":[{"count":1,"href":"https:\/\/labestiapolitica.com.mx\/index.php?rest_route=\/wp\/v2\/posts\/56319\/revisions"}],"predecessor-version":[{"id":56321,"href":"https:\/\/labestiapolitica.com.mx\/index.php?rest_route=\/wp\/v2\/posts\/56319\/revisions\/56321"}],"wp:featuredmedia":[{"embeddable":true,"href":"https:\/\/labestiapolitica.com.mx\/index.php?rest_route=\/wp\/v2\/media\/56320"}],"wp:attachment":[{"href":"https:\/\/labestiapolitica.com.mx\/index.php?rest_route=%2Fwp%2Fv2%2Fmedia&parent=56319"}],"wp:term":[{"taxonomy":"category","embeddable":true,"href":"https:\/\/labestiapolitica.com.mx\/index.php?rest_route=%2Fwp%2Fv2%2Fcategories&post=56319"},{"taxonomy":"post_tag","embeddable":true,"href":"https:\/\/labestiapolitica.com.mx\/index.php?rest_route=%2Fwp%2Fv2%2Ftags&post=56319"}],"curies":[{"name":"wp","href":"https:\/\/api.w.org\/{rel}","templated":true}]}}