{"id":56322,"date":"2025-12-08T16:52:50","date_gmt":"2025-12-08T22:52:50","guid":{"rendered":"https:\/\/labestiapolitica.com.mx\/?p=56322"},"modified":"2025-12-08T17:07:56","modified_gmt":"2025-12-08T23:07:56","slug":"56322","status":"publish","type":"post","link":"https:\/\/labestiapolitica.com.mx\/?p=56322","title":{"rendered":"FUAT y FCEA organizaron 1er Encuentro de Representantes de Establecimientos Solidarios."},"content":{"rendered":"<ul>\n<li style=\"font-weight: 400; text-align: justify;\">Rector agradece su labor y solidaridad que refleja los valores humanistas y de responsabilidad social<\/li>\n<\/ul>\n<p style=\"font-weight: 400; text-align: justify;\">La Fundaci\u00f3n de la Universidad Aut\u00f3noma de Tlaxcala (FUATx), en colaboraci\u00f3n con la Facultad de Ciencias Econ\u00f3mico Administrativas, llev\u00f3 a cabo el\u00a0\ud835\udfcf\ud835\udc1e\ud835\udc2b\u00a0\ud835\udc04\ud835\udc27\ud835\udc1c\ud835\udc2e\ud835\udc1e\ud835\udc27\ud835\udc2d\ud835\udc2b\ud835\udc28\u00a0\ud835\udc1d\ud835\udc1e\u00a0\ud835\udc11\ud835\udc1e\ud835\udc29\ud835\udc2b\ud835\udc1e\ud835\udc2c\ud835\udc1e\ud835\udc27\ud835\udc2d\ud835\udc1a\ud835\udc27\ud835\udc2d\ud835\udc1e\ud835\udc2c\u00a0\ud835\udc1d\ud835\udc1e\u00a0\ud835\udc04\ud835\udc2c\ud835\udc2d\ud835\udc1a\ud835\udc1b\ud835\udc25\ud835\udc1e\ud835\udc1c\ud835\udc22\ud835\udc26\ud835\udc22\ud835\udc1e\ud835\udc27\ud835\udc2d\ud835\udc28\ud835\udc2c\u00a0\ud835\udc12\ud835\udc28\ud835\udc25\ud835\udc22\ud835\udc1d\ud835\udc1a\ud835\udc2b\ud835\udc22\ud835\udc28\ud835\udc2c, con la participaci\u00f3n de 85 negocios aliados para fortalecer la colaboraci\u00f3n social y los apoyos que brindan a la comunidad universitaria.<\/p>\n<p style=\"font-weight: 400; text-align: justify;\">Durante el encuentro que se realiz\u00f3 en el Sal\u00f3n Alfol\u00ed del Hotel Se\u00f1orial, el Doctor Seraf\u00edn Ortiz Ortiz, Rector de la UATx, en su calidad de Presidente Honor\u00edfico y fundador de la FUATx, se\u00f1al\u00f3 que la sociedad civil no podr\u00eda comprenderse sin la escuela, la empresa, la iglesia y las distintas organizaciones sociales que, sin ser parte del poder p\u00fablico, contribuyen al desarrollo colectivo.<\/p>\n<p style=\"font-weight: 400; text-align: justify;\">Adem\u00e1s, reconoci\u00f3 y agradeci\u00f3 la labor de los establecimientos aliados al destacar que su solidaridad refleja los valores humanistas y de responsabilidad social, construyendo un escenario de grandeza y prosperidad para Tlaxcala.<\/p>\n<p style=\"font-weight: 400; text-align: justify;\">En su intervenci\u00f3n, el Maestro Dante Morales Cruz, Presidente de la FUATx, agradeci\u00f3 el compromiso permanente de los establecimientos con la comunidad universitaria, y tambi\u00e9n la presencia del Maestro Juan M\u00e9ndez V\u00e1zquez, Exrector de la UATx, quien asisti\u00f3 con la representaci\u00f3n de los asociados de la FUATx, lo que reafirma el respaldo institucional a esta red de aliados solidarios que impulsa acciones que transforman vidas y fortalece la presencia social de la Fundaci\u00f3n.<\/p>\n<p style=\"font-weight: 400; text-align: justify;\">Por su parte, el Doctor\u00a0 Mario Franz Subieta Zecua, Director de la Facultad de Ciencias Econ\u00f3mico Administrativas, subray\u00f3 que dichas alianzas fortalecen la profesionalizaci\u00f3n de los negocios aliados mediante la capacitaci\u00f3n continua.<\/p>\n<p style=\"font-weight: 400; text-align: justify;\">Como cierre de actividades, se imparti\u00f3 el\u00a0\ud835\udc13\ud835\udc1a\ud835\udc25\ud835\udc25\ud835\udc1e\ud835\udc2b\u00a0\ud835\udc1d\ud835\udc1e\u00a0\ud835\udc0c\ud835\udc1a\ud835\udc2b\ud835\udc24\ud835\udc1e\ud835\udc2d\ud835\udc22\ud835\udc27\ud835\udc20\u00a0\ud835\udc03\ud835\udc22\ud835\udc20\ud835\udc22\ud835\udc2d\ud835\udc1a\ud835\udc25\u00a0\ud835\udc32\u00a0\ud835\udc15\ud835\udc1e\ud835\udc27\ud835\udc2d\ud835\udc1a\ud835\udc2c\u00a0a cargo de la Doctora\u00a0 Acela Trevera D\u00e1vila y del Maestro V\u00edctor Herrera Loranca, docentes de la Ciencias Econ\u00f3mico Administrativas, quienes compartieron herramientas para mejorar el posicionamiento y la proyecci\u00f3n de los establecimientos participantes.<\/p>\n","protected":false},"excerpt":{"rendered":"<p>Rector agradece su labor y solidaridad que refleja los valores humanistas y de responsabilidad social La Fundaci\u00f3n de la Universidad Aut\u00f3noma de Tlaxcala (FUATx), en colaboraci\u00f3n con la Facultad de Ciencias Econ\u00f3mico Administrativas, llev\u00f3 a cabo el\u00a0\ud835\udfcf\ud835\udc1e\ud835\udc2b\u00a0\ud835\udc04\ud835\udc27\ud835\udc1c\ud835\udc2e\ud835\udc1e\ud835\udc27\ud835\udc2d\ud835\udc2b\ud835\udc28\u00a0\ud835\udc1d\ud835\udc1e\u00a0\ud835\udc11\ud835\udc1e\ud835\udc29\ud835\udc2b\ud835\udc1e\ud835\udc2c\ud835\udc1e\ud835\udc27\ud835\udc2d\ud835\udc1a\ud835\udc27\ud835\udc2d\ud835\udc1e\ud835\udc2c\u00a0\ud835\udc1d\ud835\udc1e\u00a0\ud835\udc04\ud835\udc2c\ud835\udc2d\ud835\udc1a\ud835\udc1b\ud835\udc25\ud835\udc1e\ud835\udc1c\ud835\udc22\ud835\udc26\ud835\udc22\ud835\udc1e\ud835\udc27\ud835\udc2d\ud835\udc28\ud835\udc2c\u00a0\ud835\udc12\ud835\udc28\ud835\udc25\ud835\udc22\ud835\udc1d\ud835\udc1a\ud835\udc2b\ud835\udc22\ud835\udc28\ud835\udc2c, con la participaci\u00f3n de 85 negocios aliados para fortalecer la colaboraci\u00f3n social y los apoyos que brindan a [&hellip;]<\/p>\n","protected":false},"author":5,"featured_media":56331,"comment_status":"open","ping_status":"open","sticky":false,"template":"","format":"standard","meta":{"footnotes":""},"categories":[213,241],"tags":[],"class_list":["post-56322","post","type-post","status-publish","format-standard","has-post-thumbnail","hentry","category-educacion","category-uatx"],"amp_enabled":true,"_links":{"self":[{"href":"https:\/\/labestiapolitica.com.mx\/index.php?rest_route=\/wp\/v2\/posts\/56322","targetHints":{"allow":["GET"]}}],"collection":[{"href":"https:\/\/labestiapolitica.com.mx\/index.php?rest_route=\/wp\/v2\/posts"}],"about":[{"href":"https:\/\/labestiapolitica.com.mx\/index.php?rest_route=\/wp\/v2\/types\/post"}],"author":[{"embeddable":true,"href":"https:\/\/labestiapolitica.com.mx\/index.php?rest_route=\/wp\/v2\/users\/5"}],"replies":[{"embeddable":true,"href":"https:\/\/labestiapolitica.com.mx\/index.php?rest_route=%2Fwp%2Fv2%2Fcomments&post=56322"}],"version-history":[{"count":2,"href":"https:\/\/labestiapolitica.com.mx\/index.php?rest_route=\/wp\/v2\/posts\/56322\/revisions"}],"predecessor-version":[{"id":56325,"href":"https:\/\/labestiapolitica.com.mx\/index.php?rest_route=\/wp\/v2\/posts\/56322\/revisions\/56325"}],"wp:featuredmedia":[{"embeddable":true,"href":"https:\/\/labestiapolitica.com.mx\/index.php?rest_route=\/wp\/v2\/media\/56331"}],"wp:attachment":[{"href":"https:\/\/labestiapolitica.com.mx\/index.php?rest_route=%2Fwp%2Fv2%2Fmedia&parent=56322"}],"wp:term":[{"taxonomy":"category","embeddable":true,"href":"https:\/\/labestiapolitica.com.mx\/index.php?rest_route=%2Fwp%2Fv2%2Fcategories&post=56322"},{"taxonomy":"post_tag","embeddable":true,"href":"https:\/\/labestiapolitica.com.mx\/index.php?rest_route=%2Fwp%2Fv2%2Ftags&post=56322"}],"curies":[{"name":"wp","href":"https:\/\/api.w.org\/{rel}","templated":true}]}}