{"id":56327,"date":"2025-12-08T17:11:57","date_gmt":"2025-12-08T23:11:57","guid":{"rendered":"https:\/\/labestiapolitica.com.mx\/?p=56327"},"modified":"2025-12-08T17:11:57","modified_gmt":"2025-12-08T23:11:57","slug":"inicia-apizaco-la-ruta-de-la-inclusion-talento-y-arte-que-rompen-barreras","status":"publish","type":"post","link":"https:\/\/labestiapolitica.com.mx\/?p=56327","title":{"rendered":"Inicia Apizaco la ruta de la inclusi\u00f3n: talento y arte que rompen barreras"},"content":{"rendered":"<p>INICIA EN APIZACO LA RUTA DE LA INCLUSI\u00d3N: TALENTO Y ARTE QUE ROMPEN BARRERAS<\/p>\n<p>\u2022 La muestra re\u00fane obras de arte producidas por integrantes de COPITL A.C., asociaci\u00f3n dedicada a la formaci\u00f3n art\u00edstica de personas con discapacidad intelectual.<\/p>\n<p>El Ayuntamiento de Apizaco que encabeza el presidente municipal de Apizaco, Javier Rivera Bonilla, en coordinaci\u00f3n con la Comisi\u00f3n Estatal de Derechos Humanos de Tlaxcala (CEDH) y el Centro de Desarrollo Art\u00edstico Integral A.C., inauguraron la Ruta de la Inclusi\u00f3n, un proyecto que inicia su recorrido en el municipio ferrocarrilero con una exposici\u00f3n de obras realizadas por artistas con discapacidad.<\/p>\n<p>La muestra integrada por 19 piezas elaboradas por alumnos y alumnas de COPITL A.C., permanecer\u00e1 abierta al p\u00fablico hasta el 2 de enero, permitiendo que la ciudadan\u00eda conozca y adquiera las obras, como un mecanismo de impulso directo al trabajo de los artistas.<\/p>\n<p>Durante el acto inaugural, el presidente municipal Javier Rivera Bonilla destac\u00f3 que este espacio representa un compromiso permanente del Ayuntamiento con la inclusi\u00f3n y la dignidad humana.<\/p>\n<p>\u201cEsta Ruta de la Inclusi\u00f3n visibiliza el talento, la sensibilidad y el valor de las personas con discapacidad. En Apizaco creemos firmemente que el arte es un puente para construir comunidades m\u00e1s igualitarias, donde cada persona encuentre un lugar seguro para expresarse y ser escuchada\u201d asever\u00f3.<\/p>\n<p>Por su parte, la presidenta de la CEDH, Jacqueline Ord\u00f3\u00f1ez Brasdefer, subray\u00f3 que Apizaco es el punto de partida de esta ruta, que continuar\u00e1 su recorrido por el municipio de Xaltocan, el Congreso del Estado, Ciudad Judicial y culminar\u00e1 en la sede de la CEDH el 31 de enero.<\/p>\n<p>\u201cEsta exposici\u00f3n honra a artistas que, mediante el arte, derriban barreras y expresan libertad, resiliencia y dignidad\u201d, detall\u00f3.<\/p>\n<p>La ombudsperson explic\u00f3 que esta iniciativa se desarrolla en el marco de los 16 D\u00edas de Activismo, periodo internacional que promueve acciones de visibilizaci\u00f3n de derechos humanos, incluida la conmemoraci\u00f3n del D\u00eda Internacional de las Personas con Discapacidad.<\/p>\n<p>El Ayuntamiento de Apizaco refrend\u00f3 su compromiso de fortalecer pol\u00edticas p\u00fablicas que garanticen entornos accesibles, respetuosos y libres de discriminaci\u00f3n, consolidando al municipio como un referente estatal en materia de inclusi\u00f3n social.<\/p>\n","protected":false},"excerpt":{"rendered":"<p>INICIA EN APIZACO LA RUTA DE LA INCLUSI\u00d3N: TALENTO Y ARTE QUE ROMPEN BARRERAS \u2022 La muestra re\u00fane obras de arte producidas por integrantes de COPITL A.C., asociaci\u00f3n dedicada a la formaci\u00f3n art\u00edstica de personas con discapacidad intelectual. El Ayuntamiento de Apizaco que encabeza el presidente municipal de Apizaco, Javier Rivera Bonilla, en coordinaci\u00f3n con [&hellip;]<\/p>\n","protected":false},"author":3,"featured_media":56333,"comment_status":"open","ping_status":"open","sticky":false,"template":"","format":"standard","meta":{"footnotes":""},"categories":[226,216],"tags":[],"class_list":["post-56327","post","type-post","status-publish","format-standard","has-post-thumbnail","hentry","category-apizaco","category-municipios"],"amp_enabled":true,"_links":{"self":[{"href":"https:\/\/labestiapolitica.com.mx\/index.php?rest_route=\/wp\/v2\/posts\/56327","targetHints":{"allow":["GET"]}}],"collection":[{"href":"https:\/\/labestiapolitica.com.mx\/index.php?rest_route=\/wp\/v2\/posts"}],"about":[{"href":"https:\/\/labestiapolitica.com.mx\/index.php?rest_route=\/wp\/v2\/types\/post"}],"author":[{"embeddable":true,"href":"https:\/\/labestiapolitica.com.mx\/index.php?rest_route=\/wp\/v2\/users\/3"}],"replies":[{"embeddable":true,"href":"https:\/\/labestiapolitica.com.mx\/index.php?rest_route=%2Fwp%2Fv2%2Fcomments&post=56327"}],"version-history":[{"count":1,"href":"https:\/\/labestiapolitica.com.mx\/index.php?rest_route=\/wp\/v2\/posts\/56327\/revisions"}],"predecessor-version":[{"id":56328,"href":"https:\/\/labestiapolitica.com.mx\/index.php?rest_route=\/wp\/v2\/posts\/56327\/revisions\/56328"}],"wp:featuredmedia":[{"embeddable":true,"href":"https:\/\/labestiapolitica.com.mx\/index.php?rest_route=\/wp\/v2\/media\/56333"}],"wp:attachment":[{"href":"https:\/\/labestiapolitica.com.mx\/index.php?rest_route=%2Fwp%2Fv2%2Fmedia&parent=56327"}],"wp:term":[{"taxonomy":"category","embeddable":true,"href":"https:\/\/labestiapolitica.com.mx\/index.php?rest_route=%2Fwp%2Fv2%2Fcategories&post=56327"},{"taxonomy":"post_tag","embeddable":true,"href":"https:\/\/labestiapolitica.com.mx\/index.php?rest_route=%2Fwp%2Fv2%2Ftags&post=56327"}],"curies":[{"name":"wp","href":"https:\/\/api.w.org\/{rel}","templated":true}]}}