{"id":56335,"date":"2025-12-08T20:26:38","date_gmt":"2025-12-09T02:26:38","guid":{"rendered":"https:\/\/labestiapolitica.com.mx\/?p=56335"},"modified":"2025-12-08T20:26:38","modified_gmt":"2025-12-09T02:26:38","slug":"ayuntamiento-de-tlaxcala-impulsa-el-ecofeminismo-como-parte-del-activismo-contra-la-violencia-hacia-la-mujer","status":"publish","type":"post","link":"https:\/\/labestiapolitica.com.mx\/?p=56335","title":{"rendered":"Ayuntamiento de Tlaxcala impulsa el ecofeminismo como parte del activismo contra la violencia hacia la mujer."},"content":{"rendered":"<p style=\"text-align: justify;\">Como parte del compromiso del presidente municipal Alfonso S\u00e1nchez Garc\u00eda por fortalecer las acciones a favor de la igualdad y el bienestar integral de las mujeres, el Ayuntamiento de Tlaxcala, a trav\u00e9s del Instituto Municipal de la Mujer, llev\u00f3 a cabo este lunes el Taller de Ecofeminismo en el marco de los 16 D\u00edas de Activismo Contra la Violencia hacia la Mujer.<\/p>\n<p style=\"text-align: justify;\">El taller, impartido por la ponente Pamela Gonz\u00e1lez Corona, reuni\u00f3 a mujeres interesadas en comprender c\u00f3mo la defensa del medio ambiente se vincula directamente con la lucha por la igualdad y la vida libre de violencia.<\/p>\n<p style=\"text-align: justify;\">La sesi\u00f3n se desarroll\u00f3 en el Jard\u00edn Bot\u00e1nico de Tizatl\u00e1n, e inici\u00f3 con un intercambio de experiencias y expectativas sobre este enfoque transformador entre las participantes.<\/p>\n<p style=\"text-align: justify;\">Durante la charla, Gonz\u00e1lez Corona explic\u00f3 la t\u00e9cnica de las 5 R, que consiste en Rechazar, Reducir, Reutilizar, Reparar y Reciclar, como un modelo pr\u00e1ctico para integrar h\u00e1bitos responsables en la vida diaria.<\/p>\n<p style=\"text-align: justify;\">De esta manera, las participantes reflexionaron sobre c\u00f3mo estas acciones no solo contribuyen al cuidado ambiental, sino que tambi\u00e9n fortalecen la autonom\u00eda y la toma de decisiones conscientes.<\/p>\n<p style=\"text-align: justify;\">Adem\u00e1s, la ponente comparti\u00f3 una receta sencilla para elaborar composta casera, enfatizando la importancia de recuperar pr\u00e1cticas sustentables desde los hogares tlaxcaltecas. Tambi\u00e9n se abordaron alternativas para sustituir el uso de pl\u00e1sticos, y fomentar opciones amigables con el entorno.<\/p>\n<p style=\"text-align: justify;\">Con actividades como esta, el gobierno municipal, que preside Alfonso S\u00e1nchez Garc\u00eda, impulsa acciones de desarrollo sostenible, incluyente y con perspectiva de g\u00e9nero.<\/p>\n","protected":false},"excerpt":{"rendered":"<p>Como parte del compromiso del presidente municipal Alfonso S\u00e1nchez Garc\u00eda por fortalecer las acciones a favor de la igualdad y el bienestar integral de las mujeres, el Ayuntamiento de Tlaxcala, a trav\u00e9s del Instituto Municipal de la Mujer, llev\u00f3 a cabo este lunes el Taller de Ecofeminismo en el marco de los 16 D\u00edas de [&hellip;]<\/p>\n","protected":false},"author":3,"featured_media":56336,"comment_status":"open","ping_status":"open","sticky":false,"template":"","format":"standard","meta":{"footnotes":""},"categories":[7,216,214],"tags":[],"class_list":["post-56335","post","type-post","status-publish","format-standard","has-post-thumbnail","hentry","category-ciudadanos","category-municipios","category-tlaxcala-capital"],"amp_enabled":true,"_links":{"self":[{"href":"https:\/\/labestiapolitica.com.mx\/index.php?rest_route=\/wp\/v2\/posts\/56335","targetHints":{"allow":["GET"]}}],"collection":[{"href":"https:\/\/labestiapolitica.com.mx\/index.php?rest_route=\/wp\/v2\/posts"}],"about":[{"href":"https:\/\/labestiapolitica.com.mx\/index.php?rest_route=\/wp\/v2\/types\/post"}],"author":[{"embeddable":true,"href":"https:\/\/labestiapolitica.com.mx\/index.php?rest_route=\/wp\/v2\/users\/3"}],"replies":[{"embeddable":true,"href":"https:\/\/labestiapolitica.com.mx\/index.php?rest_route=%2Fwp%2Fv2%2Fcomments&post=56335"}],"version-history":[{"count":1,"href":"https:\/\/labestiapolitica.com.mx\/index.php?rest_route=\/wp\/v2\/posts\/56335\/revisions"}],"predecessor-version":[{"id":56337,"href":"https:\/\/labestiapolitica.com.mx\/index.php?rest_route=\/wp\/v2\/posts\/56335\/revisions\/56337"}],"wp:featuredmedia":[{"embeddable":true,"href":"https:\/\/labestiapolitica.com.mx\/index.php?rest_route=\/wp\/v2\/media\/56336"}],"wp:attachment":[{"href":"https:\/\/labestiapolitica.com.mx\/index.php?rest_route=%2Fwp%2Fv2%2Fmedia&parent=56335"}],"wp:term":[{"taxonomy":"category","embeddable":true,"href":"https:\/\/labestiapolitica.com.mx\/index.php?rest_route=%2Fwp%2Fv2%2Fcategories&post=56335"},{"taxonomy":"post_tag","embeddable":true,"href":"https:\/\/labestiapolitica.com.mx\/index.php?rest_route=%2Fwp%2Fv2%2Ftags&post=56335"}],"curies":[{"name":"wp","href":"https:\/\/api.w.org\/{rel}","templated":true}]}}