{"id":56338,"date":"2025-12-08T20:31:52","date_gmt":"2025-12-09T02:31:52","guid":{"rendered":"https:\/\/labestiapolitica.com.mx\/?p=56338"},"modified":"2025-12-08T20:31:52","modified_gmt":"2025-12-09T02:31:52","slug":"autoridades-atienden-reporte-en-la-zona-de-la-malinche-se-confirma-el-fallecimiento-de-dos-adolescentes","status":"publish","type":"post","link":"https:\/\/labestiapolitica.com.mx\/?p=56338","title":{"rendered":"Autoridades atienden reporte en la zona de La Malinche; se confirma el fallecimiento de dos adolescentes"},"content":{"rendered":"<div style=\"text-align: justify;\">La Direcci\u00f3n de Seguridad P\u00fablica, Tr\u00e1nsito y Protecci\u00f3n Civil de Huamantla informa que este lunes se activ\u00f3 un operativo conjunto luego de recibir un reporte sobre dos estudiantes que no se presentaron a su plantel escolar, y quienes habr\u00edan dejado un mensaje donde se\u00f1alaban su intenci\u00f3n de dirigirse al Parque Nacional La Malinche.<\/div>\n<div style=\"text-align: justify;\"><\/div>\n<div style=\"text-align: justify;\">Los menores fueron identificados como una adolescente originaria de la comunidad de Ignacio Zaragoza y un joven vecino de la Unidad Habitacional San Carlos.<\/div>\n<div style=\"text-align: justify;\"><\/div>\n<div style=\"text-align: justify;\">Ante la alerta, elementos de la Polic\u00eda de Monta\u00f1a, Polic\u00eda Estatal y Polic\u00eda Municipal se trasladaron de inmediato a la zona conocida como La Monta\u00f1a, donde tras una intensa b\u00fasqueda localizaron a los dos adolescentes, quienes lamentablemente ya no contaban con signos vitales.<\/div>\n<div style=\"text-align: justify;\"><\/div>\n<div style=\"text-align: justify;\">Informaci\u00f3n preliminar indica que los j\u00f3venes habr\u00edan tomado la decisi\u00f3n de atentar contra su vida, situaci\u00f3n que ya es investigada por las autoridades competentes.<\/div>\n<div style=\"text-align: justify;\"><\/div>\n<div style=\"text-align: justify;\">El Ayuntamiento de Huamantla y la Direcci\u00f3n de Seguridad P\u00fablica lamentan profundamente este hecho y reiteran su total disposici\u00f3n para colaborar en las investigaciones que correspondan.<\/div>\n<div style=\"text-align: justify;\"><\/div>\n<div style=\"text-align: justify;\">Llamado a la ciudadan\u00eda<\/div>\n<div style=\"text-align: justify;\"><\/div>\n<div style=\"text-align: justify;\">Estos acontecimientos subrayan la importancia del acompa\u00f1amiento emocional a ni\u00f1as, ni\u00f1os y adolescentes, as\u00ed como de mantener una comunicaci\u00f3n cercana dentro de las familias.<\/div>\n<div style=\"text-align: justify;\"><\/div>\n<div style=\"text-align: justify;\">Recordamos a la poblaci\u00f3n que existen l\u00edneas de apoyo y orientaci\u00f3n psicol\u00f3gica disponibles las 24 horas:<\/div>\n<div style=\"text-align: justify;\">\u2022L\u00ednea de Vida: 800 911 2000<\/div>\n<div style=\"text-align: justify;\">\u2022Emergencias: 9-1-1<\/div>\n<div style=\"text-align: justify;\">\u2022Instituciones de salud y atenci\u00f3n psicol\u00f3gica del estado<\/div>\n<div style=\"text-align: justify;\"><\/div>\n<div style=\"text-align: justify;\">La Direcci\u00f3n de Seguridad P\u00fablica hace un llamado respetuoso a que, ante cualquier se\u00f1al de alarma, se busque ayuda profesional y se acerque a las instancias disponibles para prevenir situaciones que pongan en riesgo la integridad de las personas.<\/div>\n","protected":false},"excerpt":{"rendered":"<p>La Direcci\u00f3n de Seguridad P\u00fablica, Tr\u00e1nsito y Protecci\u00f3n Civil de Huamantla informa que este lunes se activ\u00f3 un operativo conjunto luego de recibir un reporte sobre dos estudiantes que no se presentaron a su plantel escolar, y quienes habr\u00edan dejado un mensaje donde se\u00f1alaban su intenci\u00f3n de dirigirse al Parque Nacional La Malinche. Los menores [&hellip;]<\/p>\n","protected":false},"author":3,"featured_media":56339,"comment_status":"open","ping_status":"open","sticky":false,"template":"","format":"standard","meta":{"footnotes":""},"categories":[12,216,214],"tags":[],"class_list":["post-56338","post","type-post","status-publish","format-standard","has-post-thumbnail","hentry","category-brujula-2026","category-municipios","category-tlaxcala-capital"],"amp_enabled":true,"_links":{"self":[{"href":"https:\/\/labestiapolitica.com.mx\/index.php?rest_route=\/wp\/v2\/posts\/56338","targetHints":{"allow":["GET"]}}],"collection":[{"href":"https:\/\/labestiapolitica.com.mx\/index.php?rest_route=\/wp\/v2\/posts"}],"about":[{"href":"https:\/\/labestiapolitica.com.mx\/index.php?rest_route=\/wp\/v2\/types\/post"}],"author":[{"embeddable":true,"href":"https:\/\/labestiapolitica.com.mx\/index.php?rest_route=\/wp\/v2\/users\/3"}],"replies":[{"embeddable":true,"href":"https:\/\/labestiapolitica.com.mx\/index.php?rest_route=%2Fwp%2Fv2%2Fcomments&post=56338"}],"version-history":[{"count":1,"href":"https:\/\/labestiapolitica.com.mx\/index.php?rest_route=\/wp\/v2\/posts\/56338\/revisions"}],"predecessor-version":[{"id":56340,"href":"https:\/\/labestiapolitica.com.mx\/index.php?rest_route=\/wp\/v2\/posts\/56338\/revisions\/56340"}],"wp:featuredmedia":[{"embeddable":true,"href":"https:\/\/labestiapolitica.com.mx\/index.php?rest_route=\/wp\/v2\/media\/56339"}],"wp:attachment":[{"href":"https:\/\/labestiapolitica.com.mx\/index.php?rest_route=%2Fwp%2Fv2%2Fmedia&parent=56338"}],"wp:term":[{"taxonomy":"category","embeddable":true,"href":"https:\/\/labestiapolitica.com.mx\/index.php?rest_route=%2Fwp%2Fv2%2Fcategories&post=56338"},{"taxonomy":"post_tag","embeddable":true,"href":"https:\/\/labestiapolitica.com.mx\/index.php?rest_route=%2Fwp%2Fv2%2Ftags&post=56338"}],"curies":[{"name":"wp","href":"https:\/\/api.w.org\/{rel}","templated":true}]}}