{"id":56345,"date":"2025-12-08T22:59:14","date_gmt":"2025-12-09T04:59:14","guid":{"rendered":"https:\/\/labestiapolitica.com.mx\/?p=56345"},"modified":"2025-12-08T22:59:14","modified_gmt":"2025-12-09T04:59:14","slug":"alfonso-sanchez-garcia-cierra-el-ano-con-obras-de-bienestar-para-la-capital","status":"publish","type":"post","link":"https:\/\/labestiapolitica.com.mx\/?p=56345","title":{"rendered":"Alfonso S\u00e1nchez Garc\u00eda cierra el a\u00f1o con obras de bienestar para la capital."},"content":{"rendered":"<p style=\"text-align: justify;\">Al cierre de este a\u00f1o, Alfonso S\u00e1nchez Garc\u00eda, presidente municipal de Tlaxcala, responde a las y los pobladores de la comunidad de San Diego Metepec, con la ejecuci\u00f3n de acciones de rehabilitaci\u00f3n en la planta de tratamiento de aguas residuales y en el tanque elevado de agua potable.<\/p>\n<p style=\"text-align: justify;\">Estas obras forman parte de los compromisos asumidos por el edil capitalino con la ciudadan\u00eda de esta comunidad, cuyo objetivo es mejorar los servicios b\u00e1sicos y garantizar infraestructura funcional.<\/p>\n<p style=\"text-align: justify;\">Durante una gira de trabajo por la comunidad, que se llev\u00f3 a cabo en agosto pasado, el alcalde visit\u00f3 estos espacios y se comprometi\u00f3 a reactivar dos proyectos que llevaban a\u00f1os detenidos: la planta tratadora de aguas residuales, que permaneci\u00f3 inactiva por cuatro a\u00f1os, y el tanque elevado de agua potable ubicado en el cerro de San Gregorio, sin operaci\u00f3n desde hace nueve a\u00f1os.<\/p>\n<p style=\"text-align: justify;\">Su visita permiti\u00f3 constatar personalmente las condiciones del lugar y establecer un plan de intervenci\u00f3n inmediata, a trav\u00e9s de la Direcci\u00f3n de Obras P\u00fablicas y Desarrollo Urbano.<\/p>\n<p style=\"text-align: justify;\">Fue as\u00ed como se efectuaron acciones en la planta tratadora de aguas residuales se realizaron labores de despalme de terreno para banquetas, atenci\u00f3n a instalaciones el\u00e9ctricas y limpieza en el tanque de s\u00f3lidos, con el prop\u00f3sito de restablecer su funcionamiento.<\/p>\n<p style=\"text-align: justify;\">En cuanto al tanque elevado de agua potable, se concluyeron las tareas de pintura como parte del proceso de rehabilitaci\u00f3n para ponerlo nuevamente en marcha y mejorar la distribuci\u00f3n del vital l\u00edquido para las y los habitantes de la zona.<\/p>\n<p style=\"text-align: justify;\">Con acciones concretas, Alfonso S\u00e1nchez Garc\u00eda contin\u00faa el trabajando y cumple con las comunidades, al avanzar en la recuperaci\u00f3n y mejoramiento de la infraestructura que por a\u00f1os hab\u00eda permanecido abandonada.<\/p>\n","protected":false},"excerpt":{"rendered":"<p>Al cierre de este a\u00f1o, Alfonso S\u00e1nchez Garc\u00eda, presidente municipal de Tlaxcala, responde a las y los pobladores de la comunidad de San Diego Metepec, con la ejecuci\u00f3n de acciones de rehabilitaci\u00f3n en la planta de tratamiento de aguas residuales y en el tanque elevado de agua potable. Estas obras forman parte de los compromisos [&hellip;]<\/p>\n","protected":false},"author":5,"featured_media":56343,"comment_status":"open","ping_status":"open","sticky":false,"template":"","format":"standard","meta":{"footnotes":""},"categories":[7,216,214],"tags":[],"class_list":["post-56345","post","type-post","status-publish","format-standard","has-post-thumbnail","hentry","category-ciudadanos","category-municipios","category-tlaxcala-capital"],"amp_enabled":true,"_links":{"self":[{"href":"https:\/\/labestiapolitica.com.mx\/index.php?rest_route=\/wp\/v2\/posts\/56345","targetHints":{"allow":["GET"]}}],"collection":[{"href":"https:\/\/labestiapolitica.com.mx\/index.php?rest_route=\/wp\/v2\/posts"}],"about":[{"href":"https:\/\/labestiapolitica.com.mx\/index.php?rest_route=\/wp\/v2\/types\/post"}],"author":[{"embeddable":true,"href":"https:\/\/labestiapolitica.com.mx\/index.php?rest_route=\/wp\/v2\/users\/5"}],"replies":[{"embeddable":true,"href":"https:\/\/labestiapolitica.com.mx\/index.php?rest_route=%2Fwp%2Fv2%2Fcomments&post=56345"}],"version-history":[{"count":1,"href":"https:\/\/labestiapolitica.com.mx\/index.php?rest_route=\/wp\/v2\/posts\/56345\/revisions"}],"predecessor-version":[{"id":56346,"href":"https:\/\/labestiapolitica.com.mx\/index.php?rest_route=\/wp\/v2\/posts\/56345\/revisions\/56346"}],"wp:featuredmedia":[{"embeddable":true,"href":"https:\/\/labestiapolitica.com.mx\/index.php?rest_route=\/wp\/v2\/media\/56343"}],"wp:attachment":[{"href":"https:\/\/labestiapolitica.com.mx\/index.php?rest_route=%2Fwp%2Fv2%2Fmedia&parent=56345"}],"wp:term":[{"taxonomy":"category","embeddable":true,"href":"https:\/\/labestiapolitica.com.mx\/index.php?rest_route=%2Fwp%2Fv2%2Fcategories&post=56345"},{"taxonomy":"post_tag","embeddable":true,"href":"https:\/\/labestiapolitica.com.mx\/index.php?rest_route=%2Fwp%2Fv2%2Ftags&post=56345"}],"curies":[{"name":"wp","href":"https:\/\/api.w.org\/{rel}","templated":true}]}}