{"id":56355,"date":"2025-12-09T10:59:05","date_gmt":"2025-12-09T16:59:05","guid":{"rendered":"https:\/\/labestiapolitica.com.mx\/?p=56355"},"modified":"2025-12-09T20:52:47","modified_gmt":"2025-12-10T02:52:47","slug":"califica-pri-tlaxcala-de-fracaso-al-septenio-de-morena-y-exige-disculpas-al-pueblo-mexicano","status":"publish","type":"post","link":"https:\/\/labestiapolitica.com.mx\/?p=56355","title":{"rendered":"Califica PRI Tlaxcala de \u201cfracaso\u201d al septenio de Morena y exige disculpas al pueblo mexicano"},"content":{"rendered":"<ul>\n<li style=\"text-align: justify;\">Acusa que la \u201cCuarta Transformaci\u00f3n\u201d dej\u00f3 un pa\u00eds sumido en violencia, endeudamiento y desabasto, y critica el gasto en la conmemoraci\u00f3n del 6 de diciembre<\/li>\n<\/ul>\n<p style=\"text-align: justify;\">Mariana LOVERA\/\/ En el marco del s\u00e9ptimo aniversario de la llegada al poder del movimiento encabezado por Morena \u2014conocido como la Cuarta Transformaci\u00f3n\u2014, el presidente del PRI en Tlaxcala, Enrique Padilla S\u00e1nchez, hizo un en\u00e9rgico posicionamiento en el que calific\u00f3 de \u201cfracaso\u201d al gobierno y exigi\u00f3 que sus dirigentes \u201cpidan perd\u00f3n a las y los mexicanos\u201d en lugar de celebrar actos partidistas.<\/p>\n<p style=\"text-align: justify;\">Padilla S\u00e1nchez dio lectura al comunicado oficial emitido por el Comit\u00e9 Ejecutivo Nacional del PRI, el cual se difundi\u00f3 simult\u00e1neamente en todos los comit\u00e9s estatales del pa\u00eds. En el documento, el partido se\u00f1ala que, tras siete a\u00f1os, \u201cm\u00e1s del 60% del territorio nacional est\u00e1 bajo control del crimen organizado\u201d y que \u201cla estrategia de abrazos, no balazos ha dejado m\u00e1s de doscientos treinta mil homicidios y m\u00e1s de ciento veinticinco mil personas desaparecidas\u201d.<\/p>\n<p style=\"text-align: justify;\">El dirigente priista enfatiz\u00f3 que estas cifras \u201crepresentan tragedias profundas para miles de familias mexicanas\u201d y acus\u00f3 al gobierno saliente de Andr\u00e9s Manuel L\u00f3pez Obrador de haber \u201cconsolidado un narcoestado\u201d y sostenido \u201cel pacto criminal m\u00e1s vergonzoso de la historia reciente\u201d.<\/p>\n<p style=\"text-align: justify;\">En materia econ\u00f3mica, el PRI tlaxcalteca destac\u00f3 que \u201cla deuda p\u00fablica se duplic\u00f3 durante esos siete a\u00f1os\u201d, un endeudamiento que, seg\u00fan afirm\u00f3, \u201ccompromete el futuro de generaciones enteras\u201d. Asimismo, critic\u00f3 la \u201ccrisis sanitaria con falta de medicamentos y atenci\u00f3n m\u00e9dica\u201d, as\u00ed como la \u201cfalta de oportunidades para j\u00f3venes y mujeres\u201d.<\/p>\n<p style=\"text-align: justify;\">Padilla S\u00e1nchez cuestion\u00f3 el evento conmemorativo realizado el pasado 6 de diciembre en el Z\u00f3calo de la Ciudad de M\u00e9xico, encabezado por la presidenta Claudia Sheinbaum, y lo tild\u00f3 de \u201cgasto millonario en una conmemoraci\u00f3n in\u00fatil que evidencia su desconexi\u00f3n total con la realidad de un pa\u00eds que se le fue de las manos\u201d.<\/p>\n<p style=\"text-align: justify;\">En su mensaje, el l\u00edder estatal del PRI reiter\u00f3 el compromiso de su partido de \u201cdefender a M\u00e9xico como la \u00fanica opci\u00f3n de la oposici\u00f3n\u201d, a pesar de lo que calific\u00f3 como \u201cpersecuci\u00f3n pol\u00edtica, intimidaci\u00f3n, fabricaci\u00f3n de pruebas y uso faccioso de las instituciones del Estado para hostigar a la oposici\u00f3n\u201d.<\/p>\n<p style=\"text-align: justify;\">Finalmente, sostuvo que el PRI seguir\u00e1 \u201cvigilantes, denunciando y enfrentando un gobierno que pone en riesgo la gobernabilidad del pa\u00eds\u201d, y asegur\u00f3 que L\u00f3pez Obrador \u201cdeber\u00eda rendir cuentas ante la justicia\u201d en lugar de pretender celebrar su administraci\u00f3n.<\/p>\n<p style=\"text-align: justify;\">Finalmente, se dio a conocer la integraci\u00f3n de Cristopher Sarmiento T\u00e9llez y Fernando Rold\u00e1n Mellado al Consejo de la Diversidad del PRI Tlaxcala, \u201csumando su visi\u00f3n, talento y compromiso para seguir construyendo un partido m\u00e1s incluyente, cercano y representativo\u201d dijo Padilla S\u00e1nchez.<\/p>\n<p>&nbsp;<\/p>\n<p>&nbsp;<\/p>\n<p>&nbsp;<\/p>\n<p>&nbsp;<\/p>\n","protected":false},"excerpt":{"rendered":"<p>Acusa que la \u201cCuarta Transformaci\u00f3n\u201d dej\u00f3 un pa\u00eds sumido en violencia, endeudamiento y desabasto, y critica el gasto en la conmemoraci\u00f3n del 6 de diciembre Mariana LOVERA\/\/ En el marco del s\u00e9ptimo aniversario de la llegada al poder del movimiento encabezado por Morena \u2014conocido como la Cuarta Transformaci\u00f3n\u2014, el presidente del PRI en Tlaxcala, Enrique [&hellip;]<\/p>\n","protected":false},"author":6,"featured_media":56356,"comment_status":"open","ping_status":"open","sticky":false,"template":"","format":"standard","meta":{"footnotes":""},"categories":[3,247,250],"tags":[],"class_list":["post-56355","post","type-post","status-publish","format-standard","has-post-thumbnail","hentry","category-8-columnas","category-politica","category-pri"],"amp_enabled":true,"_links":{"self":[{"href":"https:\/\/labestiapolitica.com.mx\/index.php?rest_route=\/wp\/v2\/posts\/56355","targetHints":{"allow":["GET"]}}],"collection":[{"href":"https:\/\/labestiapolitica.com.mx\/index.php?rest_route=\/wp\/v2\/posts"}],"about":[{"href":"https:\/\/labestiapolitica.com.mx\/index.php?rest_route=\/wp\/v2\/types\/post"}],"author":[{"embeddable":true,"href":"https:\/\/labestiapolitica.com.mx\/index.php?rest_route=\/wp\/v2\/users\/6"}],"replies":[{"embeddable":true,"href":"https:\/\/labestiapolitica.com.mx\/index.php?rest_route=%2Fwp%2Fv2%2Fcomments&post=56355"}],"version-history":[{"count":3,"href":"https:\/\/labestiapolitica.com.mx\/index.php?rest_route=\/wp\/v2\/posts\/56355\/revisions"}],"predecessor-version":[{"id":56488,"href":"https:\/\/labestiapolitica.com.mx\/index.php?rest_route=\/wp\/v2\/posts\/56355\/revisions\/56488"}],"wp:featuredmedia":[{"embeddable":true,"href":"https:\/\/labestiapolitica.com.mx\/index.php?rest_route=\/wp\/v2\/media\/56356"}],"wp:attachment":[{"href":"https:\/\/labestiapolitica.com.mx\/index.php?rest_route=%2Fwp%2Fv2%2Fmedia&parent=56355"}],"wp:term":[{"taxonomy":"category","embeddable":true,"href":"https:\/\/labestiapolitica.com.mx\/index.php?rest_route=%2Fwp%2Fv2%2Fcategories&post=56355"},{"taxonomy":"post_tag","embeddable":true,"href":"https:\/\/labestiapolitica.com.mx\/index.php?rest_route=%2Fwp%2Fv2%2Ftags&post=56355"}],"curies":[{"name":"wp","href":"https:\/\/api.w.org\/{rel}","templated":true}]}}