{"id":56358,"date":"2025-12-09T11:44:18","date_gmt":"2025-12-09T17:44:18","guid":{"rendered":"https:\/\/labestiapolitica.com.mx\/?p=56358"},"modified":"2025-12-09T11:44:18","modified_gmt":"2025-12-09T17:44:18","slug":"%f0%9f%9a%a7%e2%9c%a8-mas-obras-que-transforman-tetla-entregan-adoquinamiento-y-guarniciones-en-la-calle-15-de-septiembre-en-agricola-de-dolores","status":"publish","type":"post","link":"https:\/\/labestiapolitica.com.mx\/?p=56358","title":{"rendered":"\ud83d\udea7\u2728 \u00a1M\u00e1s obras que transforman Tetla! Entregan adoquinamiento y guarniciones en la calle 15 de Septiembre en Agr\u00edcola de Dolores"},"content":{"rendered":"<p style=\"text-align: justify;\" data-start=\"234\" data-end=\"510\"><strong>JeSerch<\/strong> Mej\u00eda<\/p>\n<p style=\"text-align: justify;\" data-start=\"234\" data-end=\"510\">El presidente municipal <strong data-start=\"258\" data-end=\"283\">Giovani Montiel L\u00f3pez<\/strong> encabez\u00f3 la entrega oficial de la construcci\u00f3n de <strong data-start=\"334\" data-end=\"373\">213 metros lineales de guarniciones<\/strong> y <strong data-start=\"376\" data-end=\"427\">797.11 metros cuadrados de pavimento de adoqu\u00edn<\/strong> en la calle 15 de Septiembre, perteneciente a la comunidad de Agr\u00edcola de Dolores.<\/p>\n<p style=\"text-align: justify;\" data-start=\"512\" data-end=\"891\">La obra forma parte del programa municipal de <strong data-start=\"558\" data-end=\"588\">mejoramiento de vialidades<\/strong>, cuyo prop\u00f3sito es dotar a las familias tetlenses de espacios m\u00e1s seguros, funcionales y dignos para su movilidad diaria. Con esta intervenci\u00f3n se favorecer\u00e1 un tr\u00e1nsito m\u00e1s ordenado, se reducir\u00e1 la presencia de polvo y lodo durante la temporada de lluvias y se fortalecer\u00e1 la imagen urbana de la zona.<\/p>\n<p style=\"text-align: justify;\" data-start=\"893\" data-end=\"1127\">El Gobierno Municipal reiter\u00f3 que continuar\u00e1 trabajando con <strong data-start=\"953\" data-end=\"1009\">responsabilidad, transparencia y resultados visibles<\/strong>, acercando infraestructura de calidad a cada comunidad y respondiendo a las necesidades prioritarias de la poblaci\u00f3n.<\/p>\n","protected":false},"excerpt":{"rendered":"<p>JeSerch Mej\u00eda El presidente municipal Giovani Montiel L\u00f3pez encabez\u00f3 la entrega oficial de la construcci\u00f3n de 213 metros lineales de guarniciones y 797.11 metros cuadrados de pavimento de adoqu\u00edn en la calle 15 de Septiembre, perteneciente a la comunidad de Agr\u00edcola de Dolores. La obra forma parte del programa municipal de mejoramiento de vialidades, cuyo [&hellip;]<\/p>\n","protected":false},"author":3,"featured_media":56359,"comment_status":"open","ping_status":"open","sticky":false,"template":"","format":"standard","meta":{"footnotes":""},"categories":[216,227],"tags":[],"class_list":["post-56358","post","type-post","status-publish","format-standard","has-post-thumbnail","hentry","category-municipios","category-tetla"],"amp_enabled":true,"_links":{"self":[{"href":"https:\/\/labestiapolitica.com.mx\/index.php?rest_route=\/wp\/v2\/posts\/56358","targetHints":{"allow":["GET"]}}],"collection":[{"href":"https:\/\/labestiapolitica.com.mx\/index.php?rest_route=\/wp\/v2\/posts"}],"about":[{"href":"https:\/\/labestiapolitica.com.mx\/index.php?rest_route=\/wp\/v2\/types\/post"}],"author":[{"embeddable":true,"href":"https:\/\/labestiapolitica.com.mx\/index.php?rest_route=\/wp\/v2\/users\/3"}],"replies":[{"embeddable":true,"href":"https:\/\/labestiapolitica.com.mx\/index.php?rest_route=%2Fwp%2Fv2%2Fcomments&post=56358"}],"version-history":[{"count":1,"href":"https:\/\/labestiapolitica.com.mx\/index.php?rest_route=\/wp\/v2\/posts\/56358\/revisions"}],"predecessor-version":[{"id":56360,"href":"https:\/\/labestiapolitica.com.mx\/index.php?rest_route=\/wp\/v2\/posts\/56358\/revisions\/56360"}],"wp:featuredmedia":[{"embeddable":true,"href":"https:\/\/labestiapolitica.com.mx\/index.php?rest_route=\/wp\/v2\/media\/56359"}],"wp:attachment":[{"href":"https:\/\/labestiapolitica.com.mx\/index.php?rest_route=%2Fwp%2Fv2%2Fmedia&parent=56358"}],"wp:term":[{"taxonomy":"category","embeddable":true,"href":"https:\/\/labestiapolitica.com.mx\/index.php?rest_route=%2Fwp%2Fv2%2Fcategories&post=56358"},{"taxonomy":"post_tag","embeddable":true,"href":"https:\/\/labestiapolitica.com.mx\/index.php?rest_route=%2Fwp%2Fv2%2Ftags&post=56358"}],"curies":[{"name":"wp","href":"https:\/\/api.w.org\/{rel}","templated":true}]}}