{"id":56365,"date":"2025-12-09T12:32:13","date_gmt":"2025-12-09T18:32:13","guid":{"rendered":"https:\/\/labestiapolitica.com.mx\/?p=56365"},"modified":"2025-12-09T13:23:34","modified_gmt":"2025-12-09T19:23:34","slug":"entregan-obra-de-adoquinamiento-en-la-calle-domingo-arenas-en-tlaltelulco","status":"publish","type":"post","link":"https:\/\/labestiapolitica.com.mx\/?p=56365","title":{"rendered":"Entregan obra de adoquinamiento en la calle Domingo Arenas en Tlaltelulco"},"content":{"rendered":"<p style=\"text-align: justify;\" data-start=\"209\" data-end=\"498\"><strong>JeSerch<\/strong> Mej\u00eda<\/p>\n<p style=\"text-align: justify;\" data-start=\"209\" data-end=\"498\">El Gobierno Municipal de La Magdalena Tlaltelulco, encabezado por la presidenta <strong data-start=\"289\" data-end=\"307\">Roc\u00edo Mel\u00e9ndez<\/strong>, realiz\u00f3 la entrega oficial de la obra de adoquinamiento en la calle <strong data-start=\"377\" data-end=\"395\">Domingo Arenas<\/strong>, una vialidad que beneficia directamente a las familias de los barrios <strong data-start=\"467\" data-end=\"481\">Comalteopa<\/strong> y <strong data-start=\"484\" data-end=\"497\">Calnahuac<\/strong>.<\/p>\n<p style=\"text-align: justify;\" data-start=\"500\" data-end=\"786\">La intervenci\u00f3n contempla la rehabilitaci\u00f3n completa del tramo, permitiendo una movilidad m\u00e1s segura y funcional para peatones y automovilistas. Esta obra contribuye tambi\u00e9n a mejorar la imagen urbana y a reducir problemas de lodo y polvo, especialmente durante la temporada de lluvias.<\/p>\n<p style=\"text-align: justify;\" data-start=\"788\" data-end=\"1028\">La administraci\u00f3n municipal destac\u00f3 que acciones como esta forman parte del compromiso permanente de <strong data-start=\"889\" data-end=\"930\">fortalecer la infraestructura p\u00fablica<\/strong> y atender las necesidades prioritarias de la ciudadan\u00eda con resultados tangibles y transparentes.<\/p>\n","protected":false},"excerpt":{"rendered":"<p>JeSerch Mej\u00eda El Gobierno Municipal de La Magdalena Tlaltelulco, encabezado por la presidenta Roc\u00edo Mel\u00e9ndez, realiz\u00f3 la entrega oficial de la obra de adoquinamiento en la calle Domingo Arenas, una vialidad que beneficia directamente a las familias de los barrios Comalteopa y Calnahuac. La intervenci\u00f3n contempla la rehabilitaci\u00f3n completa del tramo, permitiendo una movilidad m\u00e1s [&hellip;]<\/p>\n","protected":false},"author":3,"featured_media":56366,"comment_status":"open","ping_status":"open","sticky":false,"template":"","format":"standard","meta":{"footnotes":""},"categories":[218,216],"tags":[],"class_list":["post-56365","post","type-post","status-publish","format-standard","has-post-thumbnail","hentry","category-la-magdalena-tlaltelulco","category-municipios"],"amp_enabled":true,"_links":{"self":[{"href":"https:\/\/labestiapolitica.com.mx\/index.php?rest_route=\/wp\/v2\/posts\/56365","targetHints":{"allow":["GET"]}}],"collection":[{"href":"https:\/\/labestiapolitica.com.mx\/index.php?rest_route=\/wp\/v2\/posts"}],"about":[{"href":"https:\/\/labestiapolitica.com.mx\/index.php?rest_route=\/wp\/v2\/types\/post"}],"author":[{"embeddable":true,"href":"https:\/\/labestiapolitica.com.mx\/index.php?rest_route=\/wp\/v2\/users\/3"}],"replies":[{"embeddable":true,"href":"https:\/\/labestiapolitica.com.mx\/index.php?rest_route=%2Fwp%2Fv2%2Fcomments&post=56365"}],"version-history":[{"count":3,"href":"https:\/\/labestiapolitica.com.mx\/index.php?rest_route=\/wp\/v2\/posts\/56365\/revisions"}],"predecessor-version":[{"id":56369,"href":"https:\/\/labestiapolitica.com.mx\/index.php?rest_route=\/wp\/v2\/posts\/56365\/revisions\/56369"}],"wp:featuredmedia":[{"embeddable":true,"href":"https:\/\/labestiapolitica.com.mx\/index.php?rest_route=\/wp\/v2\/media\/56366"}],"wp:attachment":[{"href":"https:\/\/labestiapolitica.com.mx\/index.php?rest_route=%2Fwp%2Fv2%2Fmedia&parent=56365"}],"wp:term":[{"taxonomy":"category","embeddable":true,"href":"https:\/\/labestiapolitica.com.mx\/index.php?rest_route=%2Fwp%2Fv2%2Fcategories&post=56365"},{"taxonomy":"post_tag","embeddable":true,"href":"https:\/\/labestiapolitica.com.mx\/index.php?rest_route=%2Fwp%2Fv2%2Ftags&post=56365"}],"curies":[{"name":"wp","href":"https:\/\/api.w.org\/{rel}","templated":true}]}}