{"id":56373,"date":"2025-12-09T12:52:46","date_gmt":"2025-12-09T18:52:46","guid":{"rendered":"https:\/\/labestiapolitica.com.mx\/?p=56373"},"modified":"2025-12-09T12:52:46","modified_gmt":"2025-12-09T18:52:46","slug":"presidente-de-yauhquemehcan-pide-calma-ante-polemica-por-limites-territoriales","status":"publish","type":"post","link":"https:\/\/labestiapolitica.com.mx\/?p=56373","title":{"rendered":"Presidente de Yauhquemehcan pide calma ante pol\u00e9mica por l\u00edmites territoriales"},"content":{"rendered":"<p style=\"text-align: justify;\">Fabiola M\u00e1rquez\/\/Tras la pol\u00e9mica generada en d\u00edas recientes respecto a la delimitaci\u00f3n territorial entre Amaxac y Yauhquemehcan, el presidente municipal de este \u00faltimo, David Vega Terrazas, fij\u00f3 una postura clara y llam\u00f3 a la prudencia, al enfatizar que su administraci\u00f3n no entrar\u00e1 en controversias y actuar\u00e1 \u00fanicamente conforme al marco legal vigente.<\/p>\n<p style=\"text-align: justify;\">El tema cobr\u00f3 relevancia luego de que habitantes y actores locales expresaran dudas sobre cu\u00e1l de los dos municipios posee jurisdicci\u00f3n sobre la zona donde se edific\u00f3 la recientemente inaugurada Ciudad de la Cultura y el Entretenimiento, uno de los proyectos emblem\u00e1ticos impulsados a nivel estatal. Las discusiones p\u00fablicas, principalmente en redes sociales, generaron especulaciones y posicionamientos encontrados.<\/p>\n<p style=\"text-align: justify;\">Ante esta situaci\u00f3n, el presidente municipal puntualiz\u00f3 que su gobierno mantendr\u00e1 una posici\u00f3n institucional, responsable y respetuosa, recordando que la definici\u00f3n de l\u00edmites territoriales es un asunto que debe regirse por documentos oficiales, procedimientos legales y resoluciones emitidas por las instancias competentes.<\/p>\n<p style=\"text-align: justify;\">\u201cEn temas pol\u00e9micos no vamos a entrar; no es la intenci\u00f3n de este gobierno municipal involucrarse en discusiones que no construyen. Nosotros vamos a actuar siempre conforme a la ley, respetando los l\u00edmites territoriales establecidos para cada comunidad\u201d, expres\u00f3 Vega Terrazas, al subrayar que su administraci\u00f3n no tomar\u00e1 decisiones basadas en presiones externas ni en la opini\u00f3n p\u00fablica desinformada.<\/p>\n<p style=\"text-align: justify;\">El edil se\u00f1al\u00f3 que lo m\u00e1s importante es evitar conflictos sociales entre las comunidades involucradas, por lo que el Ayuntamiento mantendr\u00e1 canales de di\u00e1logo abiertos, informar\u00e1 con transparencia y dar\u00e1 seguimiento a cualquier procedimiento que deba ser revisado o actualizado por las autoridades estatales.<\/p>\n<p style=\"text-align: justify;\">Afirm\u00f3 que la Ciudad de la Cultura y el Entretenimiento es un proyecto que beneficia no solo a una comunidad, sino a todo el municipio y al estado, por lo que llam\u00f3 a la ciudadan\u00eda a evitar la confrontaci\u00f3n y a centrarse en el aprovechamiento de este nuevo espacio cultural.<\/p>\n<p style=\"text-align: justify;\">\u201cNuestro inter\u00e9s es preservar la paz y la convivencia. Vamos a ser respetuosos de lo que marquen los documentos oficiales y actuaremos en coordinaci\u00f3n con las instancias que deban intervenir\u201d, agreg\u00f3.<\/p>\n<p style=\"text-align: justify;\">Vega Terrazas reiter\u00f3 que el Ayuntamiento de Yauhquemehcan se mantendr\u00e1 atento a cualquier determinaci\u00f3n que, en su caso, emitan dependencias estatales o \u00e1reas t\u00e9cnicas relacionadas con catastro, tenencia de la tierra o l\u00edmites territoriales.<\/p>\n<p style=\"text-align: justify;\">Se\u00f1al\u00f3 que su administraci\u00f3n est\u00e1 dispuesta a colaborar en lo que corresponda, siempre bajo el principio de legalidad y sin favorecer intereses particulares.<\/p>\n<p style=\"text-align: justify;\">El presidente municipal insisti\u00f3 en que no permitir\u00e1 que el tema se utilice para fines pol\u00edticos o de divisi\u00f3n, especialmente a unos d\u00edas de eventos p\u00fablicos que han aumentado la visibilidad de la zona.<\/p>\n<p style=\"text-align: justify;\">Finalmente, pidi\u00f3 a las y los habitantes mantenerse informados por canales oficiales y evitar la difusi\u00f3n de versiones sin fundamento que puedan generar confusiones o tensiones innecesarias.<\/p>\n","protected":false},"excerpt":{"rendered":"<p>Fabiola M\u00e1rquez\/\/Tras la pol\u00e9mica generada en d\u00edas recientes respecto a la delimitaci\u00f3n territorial entre Amaxac y Yauhquemehcan, el presidente municipal de este \u00faltimo, David Vega Terrazas, fij\u00f3 una postura clara y llam\u00f3 a la prudencia, al enfatizar que su administraci\u00f3n no entrar\u00e1 en controversias y actuar\u00e1 \u00fanicamente conforme al marco legal vigente. El tema cobr\u00f3 [&hellip;]<\/p>\n","protected":false},"author":3,"featured_media":56374,"comment_status":"open","ping_status":"open","sticky":false,"template":"","format":"standard","meta":{"footnotes":""},"categories":[12,7],"tags":[],"class_list":["post-56373","post","type-post","status-publish","format-standard","has-post-thumbnail","hentry","category-brujula-2026","category-ciudadanos"],"amp_enabled":true,"_links":{"self":[{"href":"https:\/\/labestiapolitica.com.mx\/index.php?rest_route=\/wp\/v2\/posts\/56373","targetHints":{"allow":["GET"]}}],"collection":[{"href":"https:\/\/labestiapolitica.com.mx\/index.php?rest_route=\/wp\/v2\/posts"}],"about":[{"href":"https:\/\/labestiapolitica.com.mx\/index.php?rest_route=\/wp\/v2\/types\/post"}],"author":[{"embeddable":true,"href":"https:\/\/labestiapolitica.com.mx\/index.php?rest_route=\/wp\/v2\/users\/3"}],"replies":[{"embeddable":true,"href":"https:\/\/labestiapolitica.com.mx\/index.php?rest_route=%2Fwp%2Fv2%2Fcomments&post=56373"}],"version-history":[{"count":1,"href":"https:\/\/labestiapolitica.com.mx\/index.php?rest_route=\/wp\/v2\/posts\/56373\/revisions"}],"predecessor-version":[{"id":56375,"href":"https:\/\/labestiapolitica.com.mx\/index.php?rest_route=\/wp\/v2\/posts\/56373\/revisions\/56375"}],"wp:featuredmedia":[{"embeddable":true,"href":"https:\/\/labestiapolitica.com.mx\/index.php?rest_route=\/wp\/v2\/media\/56374"}],"wp:attachment":[{"href":"https:\/\/labestiapolitica.com.mx\/index.php?rest_route=%2Fwp%2Fv2%2Fmedia&parent=56373"}],"wp:term":[{"taxonomy":"category","embeddable":true,"href":"https:\/\/labestiapolitica.com.mx\/index.php?rest_route=%2Fwp%2Fv2%2Fcategories&post=56373"},{"taxonomy":"post_tag","embeddable":true,"href":"https:\/\/labestiapolitica.com.mx\/index.php?rest_route=%2Fwp%2Fv2%2Ftags&post=56373"}],"curies":[{"name":"wp","href":"https:\/\/api.w.org\/{rel}","templated":true}]}}