{"id":56392,"date":"2025-12-09T13:49:53","date_gmt":"2025-12-09T19:49:53","guid":{"rendered":"https:\/\/labestiapolitica.com.mx\/?p=56392"},"modified":"2025-12-09T13:56:25","modified_gmt":"2025-12-09T19:56:25","slug":"llama-sepe-uset-a-fortalecer-la-comunicacion-familiar-para-brindar-soporte-emocional-a-estudiantes%f0%9f%a4%97%e2%9d%a4%ef%b8%8f%f0%9f%a9%b9","status":"publish","type":"post","link":"https:\/\/labestiapolitica.com.mx\/?p=56392","title":{"rendered":"Llama SEPE\u2013USET a fortalecer la comunicaci\u00f3n familiar para brindar soporte emocional a estudiantes\ud83e\udd17\u2764\ufe0f\u200d\ud83e\ude79"},"content":{"rendered":"<p style=\"text-align: justify;\" data-start=\"366\" data-end=\"640\">El secretario de Educaci\u00f3n P\u00fablica del Estado, Homero Meneses Hern\u00e1ndez, hizo un llamado urgente a madres, padres y tutores para reforzar la comunicaci\u00f3n con ni\u00f1as, ni\u00f1os, adolescentes y j\u00f3venes, a fin de brindar soporte emocional que contribuya a su bienestar integral.<\/p>\n<p style=\"text-align: justify;\" data-start=\"642\" data-end=\"889\">Durante la entrega de tarjetas de la Beca Benito Ju\u00e1rez en el plantel 05 del Cecyte Tlaxcala, en Zacatelco, el tambi\u00e9n director general de la USET subray\u00f3 la importancia de que las familias mantengan un di\u00e1logo cotidiano con sus hijas e hijos.<\/p>\n<p style=\"text-align: justify;\" data-start=\"891\" data-end=\"1097\">\u201cPreg\u00fantenles c\u00f3mo se sienten, no piensen que est\u00e1n bien, no lo asuman; ind\u00e1guenlo, qui\u00e9ranlos y acomp\u00e1\u00f1enlos. La comunicaci\u00f3n emocional es clave para prevenir riesgos\u201d, expres\u00f3 ante la comunidad educativa.<\/p>\n<p style=\"text-align: justify;\" data-start=\"1099\" data-end=\"1293\">Meneses Hern\u00e1ndez lament\u00f3 que contin\u00faen registr\u00e1ndose casos de adolescentes en crisis que no encuentran apoyo oportuno dentro de sus hogares y, en ocasiones, tampoco dentro de las instituciones.<\/p>\n<p style=\"text-align: justify;\" data-start=\"1295\" data-end=\"1449\">\u201cNo puede ser que se sigan perdiendo vidas as\u00ed. Nos est\u00e1 pasando casi cada mes: vidas que apenas inician y que no encuentran seguridad emocional\u201d, se\u00f1al\u00f3.<\/p>\n<p style=\"text-align: justify;\" data-start=\"1451\" data-end=\"1563\">Ante este panorama, el titular de la SEPE\u2013USET recomend\u00f3 a los padres de familia adoptar dos protocolos m\u00ednimos:<\/p>\n<ol style=\"text-align: justify;\" data-start=\"1565\" data-end=\"1944\">\n<li data-start=\"1565\" data-end=\"1773\">\n<p data-start=\"1568\" data-end=\"1773\">Conocer a los cinco amigos m\u00e1s cercanos de sus hijas e hijos, as\u00ed como datos b\u00e1sicos: direcci\u00f3n, apellidos, tel\u00e9fonos y familiares de contacto, informaci\u00f3n que puede ser determinante en una emergencia.<\/p>\n<\/li>\n<li data-start=\"1774\" data-end=\"1944\">\n<p data-start=\"1777\" data-end=\"1944\">Fortalecer el di\u00e1logo directo dentro del hogar, dejando el celular a un lado, escuchando y hablando de frente con los j\u00f3venes para fomentar un acompa\u00f1amiento real.<\/p>\n<\/li>\n<\/ol>\n<p style=\"text-align: justify;\" data-start=\"1946\" data-end=\"2234\">\u201cLa corresponsabilidad familiar debe estar motivada por el amor y la presencia constante. No solo se trata de asistir a la entrega de becas; la prevenci\u00f3n, el acompa\u00f1amiento y la atenci\u00f3n emocional son esenciales para garantizar el desarrollo pleno de la comunidad estudiantil\u201d, concluy\u00f3.<\/p>\n<p data-start=\"1946\" data-end=\"2234\"><img loading=\"lazy\" decoding=\"async\" class=\"alignnone size-full wp-image-56394\" src=\"https:\/\/labestiapolitica.com.mx\/wp-content\/uploads\/2025\/12\/WhatsApp-Image-2025-12-09-at-1.07.43-PM.jpeg\" alt=\"\" width=\"1040\" height=\"694\" srcset=\"https:\/\/labestiapolitica.com.mx\/wp-content\/uploads\/2025\/12\/WhatsApp-Image-2025-12-09-at-1.07.43-PM.jpeg 1040w, https:\/\/labestiapolitica.com.mx\/wp-content\/uploads\/2025\/12\/WhatsApp-Image-2025-12-09-at-1.07.43-PM-300x200.jpeg 300w, https:\/\/labestiapolitica.com.mx\/wp-content\/uploads\/2025\/12\/WhatsApp-Image-2025-12-09-at-1.07.43-PM-1024x683.jpeg 1024w, https:\/\/labestiapolitica.com.mx\/wp-content\/uploads\/2025\/12\/WhatsApp-Image-2025-12-09-at-1.07.43-PM-768x512.jpeg 768w\" sizes=\"auto, (max-width: 1040px) 100vw, 1040px\" \/> <img loading=\"lazy\" decoding=\"async\" class=\"alignnone size-full wp-image-56395\" src=\"https:\/\/labestiapolitica.com.mx\/wp-content\/uploads\/2025\/12\/WhatsApp-Image-2025-12-09-at-1.07.38-PM.jpeg\" alt=\"\" width=\"1040\" height=\"694\" srcset=\"https:\/\/labestiapolitica.com.mx\/wp-content\/uploads\/2025\/12\/WhatsApp-Image-2025-12-09-at-1.07.38-PM.jpeg 1040w, https:\/\/labestiapolitica.com.mx\/wp-content\/uploads\/2025\/12\/WhatsApp-Image-2025-12-09-at-1.07.38-PM-300x200.jpeg 300w, https:\/\/labestiapolitica.com.mx\/wp-content\/uploads\/2025\/12\/WhatsApp-Image-2025-12-09-at-1.07.38-PM-1024x683.jpeg 1024w, https:\/\/labestiapolitica.com.mx\/wp-content\/uploads\/2025\/12\/WhatsApp-Image-2025-12-09-at-1.07.38-PM-768x512.jpeg 768w\" sizes=\"auto, (max-width: 1040px) 100vw, 1040px\" \/><\/p>\n<p data-start=\"1946\" data-end=\"2234\"><img loading=\"lazy\" decoding=\"async\" class=\"alignnone size-full wp-image-56389\" src=\"https:\/\/labestiapolitica.com.mx\/wp-content\/uploads\/2025\/12\/WhatsApp-Image-2025-09-09-at-1.53.55-PM-3.jpeg\" alt=\"\" width=\"940\" height=\"788\" srcset=\"https:\/\/labestiapolitica.com.mx\/wp-content\/uploads\/2025\/12\/WhatsApp-Image-2025-09-09-at-1.53.55-PM-3.jpeg 940w, https:\/\/labestiapolitica.com.mx\/wp-content\/uploads\/2025\/12\/WhatsApp-Image-2025-09-09-at-1.53.55-PM-3-300x251.jpeg 300w, https:\/\/labestiapolitica.com.mx\/wp-content\/uploads\/2025\/12\/WhatsApp-Image-2025-09-09-at-1.53.55-PM-3-768x644.jpeg 768w\" sizes=\"auto, (max-width: 940px) 100vw, 940px\" \/><\/p>\n","protected":false},"excerpt":{"rendered":"<p>El secretario de Educaci\u00f3n P\u00fablica del Estado, Homero Meneses Hern\u00e1ndez, hizo un llamado urgente a madres, padres y tutores para reforzar la comunicaci\u00f3n con ni\u00f1as, ni\u00f1os, adolescentes y j\u00f3venes, a fin de brindar soporte emocional que contribuya a su bienestar integral. Durante la entrega de tarjetas de la Beca Benito Ju\u00e1rez en el plantel 05 [&hellip;]<\/p>\n","protected":false},"author":3,"featured_media":56393,"comment_status":"open","ping_status":"open","sticky":false,"template":"","format":"standard","meta":{"footnotes":""},"categories":[3,217],"tags":[],"class_list":["post-56392","post","type-post","status-publish","format-standard","has-post-thumbnail","hentry","category-8-columnas","category-zacatelco"],"amp_enabled":true,"_links":{"self":[{"href":"https:\/\/labestiapolitica.com.mx\/index.php?rest_route=\/wp\/v2\/posts\/56392","targetHints":{"allow":["GET"]}}],"collection":[{"href":"https:\/\/labestiapolitica.com.mx\/index.php?rest_route=\/wp\/v2\/posts"}],"about":[{"href":"https:\/\/labestiapolitica.com.mx\/index.php?rest_route=\/wp\/v2\/types\/post"}],"author":[{"embeddable":true,"href":"https:\/\/labestiapolitica.com.mx\/index.php?rest_route=\/wp\/v2\/users\/3"}],"replies":[{"embeddable":true,"href":"https:\/\/labestiapolitica.com.mx\/index.php?rest_route=%2Fwp%2Fv2%2Fcomments&post=56392"}],"version-history":[{"count":2,"href":"https:\/\/labestiapolitica.com.mx\/index.php?rest_route=\/wp\/v2\/posts\/56392\/revisions"}],"predecessor-version":[{"id":56400,"href":"https:\/\/labestiapolitica.com.mx\/index.php?rest_route=\/wp\/v2\/posts\/56392\/revisions\/56400"}],"wp:featuredmedia":[{"embeddable":true,"href":"https:\/\/labestiapolitica.com.mx\/index.php?rest_route=\/wp\/v2\/media\/56393"}],"wp:attachment":[{"href":"https:\/\/labestiapolitica.com.mx\/index.php?rest_route=%2Fwp%2Fv2%2Fmedia&parent=56392"}],"wp:term":[{"taxonomy":"category","embeddable":true,"href":"https:\/\/labestiapolitica.com.mx\/index.php?rest_route=%2Fwp%2Fv2%2Fcategories&post=56392"},{"taxonomy":"post_tag","embeddable":true,"href":"https:\/\/labestiapolitica.com.mx\/index.php?rest_route=%2Fwp%2Fv2%2Ftags&post=56392"}],"curies":[{"name":"wp","href":"https:\/\/api.w.org\/{rel}","templated":true}]}}