{"id":56397,"date":"2025-12-09T13:54:12","date_gmt":"2025-12-09T19:54:12","guid":{"rendered":"https:\/\/labestiapolitica.com.mx\/?p=56397"},"modified":"2025-12-09T13:54:12","modified_gmt":"2025-12-09T19:54:12","slug":"zacatelco-es-sede-de-capacitacion-regional-para-el-impulso-economico-y-el-fortalecimiento-del-emprendimiento-%f0%9f%92%bc%f0%9f%93%88","status":"publish","type":"post","link":"https:\/\/labestiapolitica.com.mx\/?p=56397","title":{"rendered":"Zacatelco es sede de capacitaci\u00f3n regional para el impulso econ\u00f3mico y el fortalecimiento del emprendimiento \ud83d\udcbc\ud83d\udcc8"},"content":{"rendered":"<p style=\"text-align: justify;\" data-start=\"329\" data-end=\"754\">El municipio de Zacatelco se convirti\u00f3 este martes 9 de diciembre en anfitri\u00f3n de una importante capacitaci\u00f3n regional impartida por la Secretar\u00eda de Trabajo y Competitividad de Tlaxcala, dirigida a titulares y representantes de \u00e1reas de desarrollo econ\u00f3mico de distintos municipios del sur del estado.<br data-start=\"635\" data-end=\"638\" \/>El objetivo: fortalecer herramientas para el crecimiento econ\u00f3mico y el acompa\u00f1amiento integral a emprendedores.<\/p>\n<p style=\"text-align: justify;\" data-start=\"756\" data-end=\"1126\">Durante la ponencia, el director de Competitividad, Alberto Aguilar Morales, expuso rutas, requisitos y beneficios del Distintivo Empresa que Impulsa el Trabajo Digno, as\u00ed como los procesos para obtener certificaciones de est\u00e1ndares de competencias CONOCER y los pasos para registrar una marca, elementos clave para la profesionalizaci\u00f3n de negocios locales.<\/p>\n<p style=\"text-align: justify;\" data-start=\"1128\" data-end=\"1207\">Adem\u00e1s, se presentaron herramientas de apoyo para emprendedores, entre ellas:<\/p>\n<ul style=\"text-align: justify;\" data-start=\"1208\" data-end=\"1400\">\n<li data-start=\"1208\" data-end=\"1241\">\n<p data-start=\"1210\" data-end=\"1241\">Capacitaciones especializadas<\/p>\n<\/li>\n<li data-start=\"1242\" data-end=\"1264\">\n<p data-start=\"1244\" data-end=\"1264\">M\u00f3dulos de negocio<\/p>\n<\/li>\n<li data-start=\"1265\" data-end=\"1290\">\n<p data-start=\"1267\" data-end=\"1290\">Estrategias de ventas<\/p>\n<\/li>\n<li data-start=\"1291\" data-end=\"1323\">\n<p data-start=\"1293\" data-end=\"1323\">Dise\u00f1o y mejora de productos<\/p>\n<\/li>\n<li data-start=\"1324\" data-end=\"1351\">\n<p data-start=\"1326\" data-end=\"1351\">Acceso a financiamiento<\/p>\n<\/li>\n<li data-start=\"1352\" data-end=\"1400\">\n<p data-start=\"1354\" data-end=\"1400\">Vinculaci\u00f3n con programas y apoyos estatales<\/p>\n<\/li>\n<\/ul>\n<p style=\"text-align: justify;\" data-start=\"1402\" data-end=\"1568\">Estas acciones buscan fortalecer la actividad econ\u00f3mica local y abrir mayores oportunidades a quienes desean iniciar o consolidar un proyecto productivo en la regi\u00f3n.<\/p>\n<p style=\"text-align: justify;\" data-start=\"1570\" data-end=\"1781\">La coordinadora de Emprendimiento, Lorena Guti\u00e9rrez Arenas, invit\u00f3 a las y los emprendedores de Zacatelco a acercarse al \u00e1rea correspondiente para recibir orientaci\u00f3n personalizada y acompa\u00f1amiento integral.<\/p>\n<p style=\"text-align: justify;\" data-start=\"1783\" data-end=\"2123\">Al encuentro asistieron regidores y directores de desarrollo econ\u00f3mico de los municipios de San Pablo del Monte, Mazatecochco, Quilehtla, Zacualpan, Teolocholco, Tetlatlahuca, Papalotla y Axocomanitla, quienes participaron en el intercambio de experiencias y en el fortalecimiento de estrategias regionales para el desarrollo econ\u00f3mico.<\/p>\n<p style=\"text-align: justify;\" data-start=\"2125\" data-end=\"2285\">Con estas acciones, Zacatelco se consolida como un municipio comprometido con la capacitaci\u00f3n, el emprendimiento y el impulso al crecimiento econ\u00f3mico regional.<\/p>\n<p data-start=\"2125\" data-end=\"2285\"><img loading=\"lazy\" decoding=\"async\" class=\"alignnone size-full wp-image-56389\" src=\"https:\/\/labestiapolitica.com.mx\/wp-content\/uploads\/2025\/12\/WhatsApp-Image-2025-09-09-at-1.53.55-PM-3.jpeg\" alt=\"\" width=\"940\" height=\"788\" srcset=\"https:\/\/labestiapolitica.com.mx\/wp-content\/uploads\/2025\/12\/WhatsApp-Image-2025-09-09-at-1.53.55-PM-3.jpeg 940w, https:\/\/labestiapolitica.com.mx\/wp-content\/uploads\/2025\/12\/WhatsApp-Image-2025-09-09-at-1.53.55-PM-3-300x251.jpeg 300w, https:\/\/labestiapolitica.com.mx\/wp-content\/uploads\/2025\/12\/WhatsApp-Image-2025-09-09-at-1.53.55-PM-3-768x644.jpeg 768w\" sizes=\"auto, (max-width: 940px) 100vw, 940px\" \/><\/p>\n","protected":false},"excerpt":{"rendered":"<p>El municipio de Zacatelco se convirti\u00f3 este martes 9 de diciembre en anfitri\u00f3n de una importante capacitaci\u00f3n regional impartida por la Secretar\u00eda de Trabajo y Competitividad de Tlaxcala, dirigida a titulares y representantes de \u00e1reas de desarrollo econ\u00f3mico de distintos municipios del sur del estado.El objetivo: fortalecer herramientas para el crecimiento econ\u00f3mico y el acompa\u00f1amiento [&hellip;]<\/p>\n","protected":false},"author":3,"featured_media":56398,"comment_status":"open","ping_status":"open","sticky":false,"template":"","format":"standard","meta":{"footnotes":""},"categories":[217],"tags":[],"class_list":["post-56397","post","type-post","status-publish","format-standard","has-post-thumbnail","hentry","category-zacatelco"],"amp_enabled":true,"_links":{"self":[{"href":"https:\/\/labestiapolitica.com.mx\/index.php?rest_route=\/wp\/v2\/posts\/56397","targetHints":{"allow":["GET"]}}],"collection":[{"href":"https:\/\/labestiapolitica.com.mx\/index.php?rest_route=\/wp\/v2\/posts"}],"about":[{"href":"https:\/\/labestiapolitica.com.mx\/index.php?rest_route=\/wp\/v2\/types\/post"}],"author":[{"embeddable":true,"href":"https:\/\/labestiapolitica.com.mx\/index.php?rest_route=\/wp\/v2\/users\/3"}],"replies":[{"embeddable":true,"href":"https:\/\/labestiapolitica.com.mx\/index.php?rest_route=%2Fwp%2Fv2%2Fcomments&post=56397"}],"version-history":[{"count":1,"href":"https:\/\/labestiapolitica.com.mx\/index.php?rest_route=\/wp\/v2\/posts\/56397\/revisions"}],"predecessor-version":[{"id":56399,"href":"https:\/\/labestiapolitica.com.mx\/index.php?rest_route=\/wp\/v2\/posts\/56397\/revisions\/56399"}],"wp:featuredmedia":[{"embeddable":true,"href":"https:\/\/labestiapolitica.com.mx\/index.php?rest_route=\/wp\/v2\/media\/56398"}],"wp:attachment":[{"href":"https:\/\/labestiapolitica.com.mx\/index.php?rest_route=%2Fwp%2Fv2%2Fmedia&parent=56397"}],"wp:term":[{"taxonomy":"category","embeddable":true,"href":"https:\/\/labestiapolitica.com.mx\/index.php?rest_route=%2Fwp%2Fv2%2Fcategories&post=56397"},{"taxonomy":"post_tag","embeddable":true,"href":"https:\/\/labestiapolitica.com.mx\/index.php?rest_route=%2Fwp%2Fv2%2Ftags&post=56397"}],"curies":[{"name":"wp","href":"https:\/\/api.w.org\/{rel}","templated":true}]}}