{"id":56401,"date":"2025-12-09T14:22:48","date_gmt":"2025-12-09T20:22:48","guid":{"rendered":"https:\/\/labestiapolitica.com.mx\/?p=56401"},"modified":"2025-12-09T15:24:57","modified_gmt":"2025-12-09T21:24:57","slug":"%f0%9f%8f%9b%ef%b8%8f-la-cooperacion-municipal-no-es-un-acto-de-cortesia-sino-de-responsabilidad-alfonso-sanchez-garcia-%f0%9f%a4%9d","status":"publish","type":"post","link":"https:\/\/labestiapolitica.com.mx\/?p=56401","title":{"rendered":"\ud83c\udfdb\ufe0f \u201cLa cooperaci\u00f3n municipal no es un acto de cortes\u00eda, sino de responsabilidad\u201d: Alfonso S\u00e1nchez Garc\u00eda \ud83e\udd1d"},"content":{"rendered":"<p style=\"text-align: justify;\" data-start=\"330\" data-end=\"596\">En el marco del primer aniversario de la Asociaci\u00f3n de Autoridades Municipales de Tlaxcala (AAMTLAX), el presidente municipal de Tlaxcala, Alfonso S\u00e1nchez Garc\u00eda, encabez\u00f3 la asamblea conmemorativa acompa\u00f1ado por la gobernadora Lorena Cu\u00e9llar Cisneros.<\/p>\n<p style=\"text-align: justify;\" data-start=\"598\" data-end=\"854\">Durante su mensaje, el edil capitalino afirm\u00f3 que <em data-start=\"648\" data-end=\"727\">\u201cla cooperaci\u00f3n municipal no es un acto de cortes\u00eda, sino de responsabilidad\u201d<\/em>, al tiempo que convoc\u00f3 a presidentas y presidentes municipales a fortalecer el trabajo conjunto en beneficio de la ciudadan\u00eda.<\/p>\n<h2 style=\"text-align: justify;\" data-start=\"856\" data-end=\"906\">Un a\u00f1o de avances y consolidaci\u00f3n municipal<\/h2>\n<p style=\"text-align: justify;\" data-start=\"907\" data-end=\"995\">Al presentar el informe de actividades de AAMTLAX, S\u00e1nchez Garc\u00eda destac\u00f3 logros como:<\/p>\n<ul style=\"text-align: justify;\" data-start=\"996\" data-end=\"1221\">\n<li data-start=\"996\" data-end=\"1036\">\n<p data-start=\"998\" data-end=\"1036\">La integraci\u00f3n de la Junta Directiva<\/p>\n<\/li>\n<li data-start=\"1037\" data-end=\"1083\">\n<p data-start=\"1039\" data-end=\"1083\">La formalizaci\u00f3n jur\u00eddica de la Asociaci\u00f3n<\/p>\n<\/li>\n<li data-start=\"1084\" data-end=\"1164\">\n<p data-start=\"1086\" data-end=\"1164\">Capacitaciones, convenios estrat\u00e9gicos y sesiones de fortalecimiento t\u00e9cnico<\/p>\n<\/li>\n<li data-start=\"1165\" data-end=\"1221\">\n<p data-start=\"1167\" data-end=\"1221\">Impulso a la profesionalizaci\u00f3n del servicio p\u00fablico<\/p>\n<\/li>\n<\/ul>\n<p style=\"text-align: justify;\" data-start=\"1223\" data-end=\"1454\">Se\u00f1al\u00f3 tambi\u00e9n avances en infraestructura, seguridad, derechos humanos y entrega de aparatos funcionales en beneficio de 17 municipios, as\u00ed como la participaci\u00f3n de m\u00e1s de 48 alcaldes en diversas actividades de cooperaci\u00f3n.<\/p>\n<p style=\"text-align: justify;\" data-start=\"1456\" data-end=\"1661\">Acciones comunitarias como el torneo intermunicipal de futbol, las mega clases de zumba y la capacitaci\u00f3n permanente han contribuido a fortalecer el tejido social y las capacidades institucionales.<\/p>\n<h2 style=\"text-align: justify;\" data-start=\"1663\" data-end=\"1713\">Llamado a la unidad y al trabajo coordinado<\/h2>\n<p style=\"text-align: justify;\" data-start=\"1714\" data-end=\"1990\">S\u00e1nchez Garc\u00eda reconoci\u00f3 el liderazgo de la gobernadora y subray\u00f3 que la transformaci\u00f3n del estado se construye desde los municipios.<br data-start=\"1847\" data-end=\"1850\" \/>\u201cTlaxcala est\u00e1 lista para dar un siguiente paso, uno que demande mayor responsabilidad y una mirada que abarque todo el territorio\u201d, afirm\u00f3.<\/p>\n<p style=\"text-align: justify;\" data-start=\"1992\" data-end=\"2307\">Por su parte, Lorena Cu\u00e9llar Cisneros pidi\u00f3 a las y los alcaldes mantener la coordinaci\u00f3n con el Gobierno del Estado, especialmente en el cierre del a\u00f1o.<br data-start=\"2145\" data-end=\"2148\" \/>\u201cTodos los d\u00edas tienen la oportunidad de servir, escuchar y atender. Aprovechen esta etapa; atender personalmente deja huella en la vida de la gente\u201d, expres\u00f3.<\/p>\n<p style=\"text-align: justify;\" data-start=\"2309\" data-end=\"2456\">Con esta asamblea, AAMTLAX refrenda su papel como una plataforma estrat\u00e9gica de coordinaci\u00f3n municipal y fortalecimiento institucional en Tlaxcala.<\/p>\n<p data-start=\"2309\" data-end=\"2456\"><img loading=\"lazy\" decoding=\"async\" class=\"alignnone size-full wp-image-56403\" src=\"https:\/\/labestiapolitica.com.mx\/wp-content\/uploads\/2025\/12\/WhatsApp-Image-2025-12-09-at-2.08.03-PM.jpeg\" alt=\"\" width=\"1280\" height=\"853\" srcset=\"https:\/\/labestiapolitica.com.mx\/wp-content\/uploads\/2025\/12\/WhatsApp-Image-2025-12-09-at-2.08.03-PM.jpeg 1280w, https:\/\/labestiapolitica.com.mx\/wp-content\/uploads\/2025\/12\/WhatsApp-Image-2025-12-09-at-2.08.03-PM-300x200.jpeg 300w, https:\/\/labestiapolitica.com.mx\/wp-content\/uploads\/2025\/12\/WhatsApp-Image-2025-12-09-at-2.08.03-PM-1024x682.jpeg 1024w, https:\/\/labestiapolitica.com.mx\/wp-content\/uploads\/2025\/12\/WhatsApp-Image-2025-12-09-at-2.08.03-PM-768x512.jpeg 768w\" sizes=\"auto, (max-width: 1280px) 100vw, 1280px\" \/> <img loading=\"lazy\" decoding=\"async\" class=\"alignnone size-full wp-image-56404\" src=\"https:\/\/labestiapolitica.com.mx\/wp-content\/uploads\/2025\/12\/WhatsApp-Image-2025-12-09-at-2.08.04-PM.jpeg\" alt=\"\" width=\"1280\" height=\"853\" srcset=\"https:\/\/labestiapolitica.com.mx\/wp-content\/uploads\/2025\/12\/WhatsApp-Image-2025-12-09-at-2.08.04-PM.jpeg 1280w, https:\/\/labestiapolitica.com.mx\/wp-content\/uploads\/2025\/12\/WhatsApp-Image-2025-12-09-at-2.08.04-PM-300x200.jpeg 300w, https:\/\/labestiapolitica.com.mx\/wp-content\/uploads\/2025\/12\/WhatsApp-Image-2025-12-09-at-2.08.04-PM-1024x682.jpeg 1024w, https:\/\/labestiapolitica.com.mx\/wp-content\/uploads\/2025\/12\/WhatsApp-Image-2025-12-09-at-2.08.04-PM-768x512.jpeg 768w\" sizes=\"auto, (max-width: 1280px) 100vw, 1280px\" \/> <img loading=\"lazy\" decoding=\"async\" class=\"alignnone size-full wp-image-56405\" src=\"https:\/\/labestiapolitica.com.mx\/wp-content\/uploads\/2025\/12\/WhatsApp-Image-2025-12-09-at-2.08.04-PM-1.jpeg\" alt=\"\" width=\"1280\" height=\"853\" srcset=\"https:\/\/labestiapolitica.com.mx\/wp-content\/uploads\/2025\/12\/WhatsApp-Image-2025-12-09-at-2.08.04-PM-1.jpeg 1280w, https:\/\/labestiapolitica.com.mx\/wp-content\/uploads\/2025\/12\/WhatsApp-Image-2025-12-09-at-2.08.04-PM-1-300x200.jpeg 300w, https:\/\/labestiapolitica.com.mx\/wp-content\/uploads\/2025\/12\/WhatsApp-Image-2025-12-09-at-2.08.04-PM-1-1024x682.jpeg 1024w, https:\/\/labestiapolitica.com.mx\/wp-content\/uploads\/2025\/12\/WhatsApp-Image-2025-12-09-at-2.08.04-PM-1-768x512.jpeg 768w\" sizes=\"auto, (max-width: 1280px) 100vw, 1280px\" \/> <img loading=\"lazy\" decoding=\"async\" class=\"alignnone size-full wp-image-56406\" src=\"https:\/\/labestiapolitica.com.mx\/wp-content\/uploads\/2025\/12\/WhatsApp-Image-2025-12-09-at-2.08.14-PM.jpeg\" alt=\"\" width=\"1280\" height=\"853\" srcset=\"https:\/\/labestiapolitica.com.mx\/wp-content\/uploads\/2025\/12\/WhatsApp-Image-2025-12-09-at-2.08.14-PM.jpeg 1280w, https:\/\/labestiapolitica.com.mx\/wp-content\/uploads\/2025\/12\/WhatsApp-Image-2025-12-09-at-2.08.14-PM-300x200.jpeg 300w, https:\/\/labestiapolitica.com.mx\/wp-content\/uploads\/2025\/12\/WhatsApp-Image-2025-12-09-at-2.08.14-PM-1024x682.jpeg 1024w, https:\/\/labestiapolitica.com.mx\/wp-content\/uploads\/2025\/12\/WhatsApp-Image-2025-12-09-at-2.08.14-PM-768x512.jpeg 768w\" sizes=\"auto, (max-width: 1280px) 100vw, 1280px\" \/> <img loading=\"lazy\" decoding=\"async\" class=\"alignnone size-full wp-image-56407\" src=\"https:\/\/labestiapolitica.com.mx\/wp-content\/uploads\/2025\/12\/WhatsApp-Image-2025-12-09-at-2.08.07-PM.jpeg\" alt=\"\" width=\"1280\" height=\"853\" srcset=\"https:\/\/labestiapolitica.com.mx\/wp-content\/uploads\/2025\/12\/WhatsApp-Image-2025-12-09-at-2.08.07-PM.jpeg 1280w, https:\/\/labestiapolitica.com.mx\/wp-content\/uploads\/2025\/12\/WhatsApp-Image-2025-12-09-at-2.08.07-PM-300x200.jpeg 300w, https:\/\/labestiapolitica.com.mx\/wp-content\/uploads\/2025\/12\/WhatsApp-Image-2025-12-09-at-2.08.07-PM-1024x682.jpeg 1024w, https:\/\/labestiapolitica.com.mx\/wp-content\/uploads\/2025\/12\/WhatsApp-Image-2025-12-09-at-2.08.07-PM-768x512.jpeg 768w\" sizes=\"auto, (max-width: 1280px) 100vw, 1280px\" \/> <img loading=\"lazy\" decoding=\"async\" class=\"alignnone size-full wp-image-56408\" src=\"https:\/\/labestiapolitica.com.mx\/wp-content\/uploads\/2025\/12\/WhatsApp-Image-2025-12-09-at-2.08.06-PM.jpeg\" alt=\"\" width=\"1280\" height=\"853\" srcset=\"https:\/\/labestiapolitica.com.mx\/wp-content\/uploads\/2025\/12\/WhatsApp-Image-2025-12-09-at-2.08.06-PM.jpeg 1280w, https:\/\/labestiapolitica.com.mx\/wp-content\/uploads\/2025\/12\/WhatsApp-Image-2025-12-09-at-2.08.06-PM-300x200.jpeg 300w, https:\/\/labestiapolitica.com.mx\/wp-content\/uploads\/2025\/12\/WhatsApp-Image-2025-12-09-at-2.08.06-PM-1024x682.jpeg 1024w, https:\/\/labestiapolitica.com.mx\/wp-content\/uploads\/2025\/12\/WhatsApp-Image-2025-12-09-at-2.08.06-PM-768x512.jpeg 768w\" sizes=\"auto, (max-width: 1280px) 100vw, 1280px\" \/> <img loading=\"lazy\" decoding=\"async\" class=\"alignnone size-full wp-image-56409\" src=\"https:\/\/labestiapolitica.com.mx\/wp-content\/uploads\/2025\/12\/WhatsApp-Image-2025-12-09-at-2.08.05-PM-1.jpeg\" alt=\"\" width=\"1280\" height=\"853\" srcset=\"https:\/\/labestiapolitica.com.mx\/wp-content\/uploads\/2025\/12\/WhatsApp-Image-2025-12-09-at-2.08.05-PM-1.jpeg 1280w, https:\/\/labestiapolitica.com.mx\/wp-content\/uploads\/2025\/12\/WhatsApp-Image-2025-12-09-at-2.08.05-PM-1-300x200.jpeg 300w, https:\/\/labestiapolitica.com.mx\/wp-content\/uploads\/2025\/12\/WhatsApp-Image-2025-12-09-at-2.08.05-PM-1-1024x682.jpeg 1024w, https:\/\/labestiapolitica.com.mx\/wp-content\/uploads\/2025\/12\/WhatsApp-Image-2025-12-09-at-2.08.05-PM-1-768x512.jpeg 768w\" sizes=\"auto, (max-width: 1280px) 100vw, 1280px\" \/> <img loading=\"lazy\" decoding=\"async\" class=\"alignnone size-full wp-image-56410\" src=\"https:\/\/labestiapolitica.com.mx\/wp-content\/uploads\/2025\/12\/WhatsApp-Image-2025-12-09-at-2.08.05-PM.jpeg\" alt=\"\" width=\"1280\" height=\"853\" srcset=\"https:\/\/labestiapolitica.com.mx\/wp-content\/uploads\/2025\/12\/WhatsApp-Image-2025-12-09-at-2.08.05-PM.jpeg 1280w, https:\/\/labestiapolitica.com.mx\/wp-content\/uploads\/2025\/12\/WhatsApp-Image-2025-12-09-at-2.08.05-PM-300x200.jpeg 300w, https:\/\/labestiapolitica.com.mx\/wp-content\/uploads\/2025\/12\/WhatsApp-Image-2025-12-09-at-2.08.05-PM-1024x682.jpeg 1024w, https:\/\/labestiapolitica.com.mx\/wp-content\/uploads\/2025\/12\/WhatsApp-Image-2025-12-09-at-2.08.05-PM-768x512.jpeg 768w\" sizes=\"auto, (max-width: 1280px) 100vw, 1280px\" \/><\/p>\n","protected":false},"excerpt":{"rendered":"<p>En el marco del primer aniversario de la Asociaci\u00f3n de Autoridades Municipales de Tlaxcala (AAMTLAX), el presidente municipal de Tlaxcala, Alfonso S\u00e1nchez Garc\u00eda, encabez\u00f3 la asamblea conmemorativa acompa\u00f1ado por la gobernadora Lorena Cu\u00e9llar Cisneros. Durante su mensaje, el edil capitalino afirm\u00f3 que \u201cla cooperaci\u00f3n municipal no es un acto de cortes\u00eda, sino de responsabilidad\u201d, al [&hellip;]<\/p>\n","protected":false},"author":3,"featured_media":56402,"comment_status":"open","ping_status":"open","sticky":false,"template":"","format":"standard","meta":{"footnotes":""},"categories":[214],"tags":[],"class_list":["post-56401","post","type-post","status-publish","format-standard","has-post-thumbnail","hentry","category-tlaxcala-capital"],"amp_enabled":true,"_links":{"self":[{"href":"https:\/\/labestiapolitica.com.mx\/index.php?rest_route=\/wp\/v2\/posts\/56401","targetHints":{"allow":["GET"]}}],"collection":[{"href":"https:\/\/labestiapolitica.com.mx\/index.php?rest_route=\/wp\/v2\/posts"}],"about":[{"href":"https:\/\/labestiapolitica.com.mx\/index.php?rest_route=\/wp\/v2\/types\/post"}],"author":[{"embeddable":true,"href":"https:\/\/labestiapolitica.com.mx\/index.php?rest_route=\/wp\/v2\/users\/3"}],"replies":[{"embeddable":true,"href":"https:\/\/labestiapolitica.com.mx\/index.php?rest_route=%2Fwp%2Fv2%2Fcomments&post=56401"}],"version-history":[{"count":1,"href":"https:\/\/labestiapolitica.com.mx\/index.php?rest_route=\/wp\/v2\/posts\/56401\/revisions"}],"predecessor-version":[{"id":56411,"href":"https:\/\/labestiapolitica.com.mx\/index.php?rest_route=\/wp\/v2\/posts\/56401\/revisions\/56411"}],"wp:featuredmedia":[{"embeddable":true,"href":"https:\/\/labestiapolitica.com.mx\/index.php?rest_route=\/wp\/v2\/media\/56402"}],"wp:attachment":[{"href":"https:\/\/labestiapolitica.com.mx\/index.php?rest_route=%2Fwp%2Fv2%2Fmedia&parent=56401"}],"wp:term":[{"taxonomy":"category","embeddable":true,"href":"https:\/\/labestiapolitica.com.mx\/index.php?rest_route=%2Fwp%2Fv2%2Fcategories&post=56401"},{"taxonomy":"post_tag","embeddable":true,"href":"https:\/\/labestiapolitica.com.mx\/index.php?rest_route=%2Fwp%2Fv2%2Ftags&post=56401"}],"curies":[{"name":"wp","href":"https:\/\/api.w.org\/{rel}","templated":true}]}}