{"id":56412,"date":"2025-12-09T15:20:05","date_gmt":"2025-12-09T21:20:05","guid":{"rendered":"https:\/\/labestiapolitica.com.mx\/?p=56412"},"modified":"2025-12-09T15:20:15","modified_gmt":"2025-12-09T21:20:15","slug":"%f0%9f%8e%ac-presenta-uda-cortometraje-sobre-ghosting-y-gaslighting","status":"publish","type":"post","link":"https:\/\/labestiapolitica.com.mx\/?p=56412","title":{"rendered":"\ud83c\udfac Presenta UDA cortometraje sobre ghosting y gaslighting"},"content":{"rendered":"<p style=\"text-align: justify;\" data-start=\"142\" data-end=\"547\">La Universidad del Altiplano (UDA), en colaboraci\u00f3n con \u00c1ngulo Cero, estren\u00f3 el cortometraje <em data-start=\"239\" data-end=\"266\">\u201cMis cuatro veces cuatro\u201d<\/em>, dirigido por Brenda L\u00f3pez Barbiaux, una producci\u00f3n que pone sobre la mesa dos problem\u00e1ticas cada vez m\u00e1s presentes entre j\u00f3venes y adultos: el ghosting y el gaslighting, ambas formas de violencia emocional que afectan la salud mental y las relaciones interpersonales.<\/p>\n<p style=\"text-align: justify;\" data-start=\"549\" data-end=\"858\">El proyecto reuni\u00f3 a un elenco conformado por Emiliano Camarillo Sol\u00eds, Alondra Candia M\u00e1rquez, Nesly Garc\u00eda Rodr\u00edguez, Aleini Flores Xochicale y Jocelyn Agust\u00edn Barrag\u00e1n, adem\u00e1s de estudiantes de la UDA que participaron activamente en las \u00e1reas de guion, c\u00e1mara, audio, casting y edici\u00f3n.<\/p>\n<p style=\"text-align: justify;\" data-start=\"860\" data-end=\"1133\">Durante la presentaci\u00f3n, se destac\u00f3 que el cortometraje est\u00e1 dedicado a todas las personas que han enfrentado estas formas de violencia sutil pero profundamente da\u00f1ina, invitando a la reflexi\u00f3n colectiva y al reconocimiento de din\u00e1micas emocionales que suelen normalizarse.<\/p>\n<p style=\"text-align: justify;\" data-start=\"1135\" data-end=\"1333\">La UDA reiter\u00f3 su compromiso con la creaci\u00f3n art\u00edstica y audiovisual como herramienta para visibilizar problemas actuales y promover espacios de di\u00e1logo, especialmente entre las nuevas generaciones.<\/p>\n<p data-start=\"1135\" data-end=\"1333\"><img loading=\"lazy\" decoding=\"async\" class=\"alignnone size-full wp-image-56414\" src=\"https:\/\/labestiapolitica.com.mx\/wp-content\/uploads\/2025\/12\/WhatsApp-Image-2025-12-09-at-2.42.48-PM.jpeg\" alt=\"\" width=\"1599\" height=\"1199\" srcset=\"https:\/\/labestiapolitica.com.mx\/wp-content\/uploads\/2025\/12\/WhatsApp-Image-2025-12-09-at-2.42.48-PM.jpeg 1599w, https:\/\/labestiapolitica.com.mx\/wp-content\/uploads\/2025\/12\/WhatsApp-Image-2025-12-09-at-2.42.48-PM-300x225.jpeg 300w, https:\/\/labestiapolitica.com.mx\/wp-content\/uploads\/2025\/12\/WhatsApp-Image-2025-12-09-at-2.42.48-PM-1024x768.jpeg 1024w, https:\/\/labestiapolitica.com.mx\/wp-content\/uploads\/2025\/12\/WhatsApp-Image-2025-12-09-at-2.42.48-PM-768x576.jpeg 768w, https:\/\/labestiapolitica.com.mx\/wp-content\/uploads\/2025\/12\/WhatsApp-Image-2025-12-09-at-2.42.48-PM-1536x1152.jpeg 1536w\" sizes=\"auto, (max-width: 1599px) 100vw, 1599px\" \/> <img loading=\"lazy\" decoding=\"async\" class=\"alignnone size-full wp-image-56415\" src=\"https:\/\/labestiapolitica.com.mx\/wp-content\/uploads\/2025\/12\/WhatsApp-Image-2025-12-09-at-2.42.49-PM-1.jpeg\" alt=\"\" width=\"1600\" height=\"1318\" srcset=\"https:\/\/labestiapolitica.com.mx\/wp-content\/uploads\/2025\/12\/WhatsApp-Image-2025-12-09-at-2.42.49-PM-1.jpeg 1600w, https:\/\/labestiapolitica.com.mx\/wp-content\/uploads\/2025\/12\/WhatsApp-Image-2025-12-09-at-2.42.49-PM-1-300x247.jpeg 300w, https:\/\/labestiapolitica.com.mx\/wp-content\/uploads\/2025\/12\/WhatsApp-Image-2025-12-09-at-2.42.49-PM-1-1024x844.jpeg 1024w, https:\/\/labestiapolitica.com.mx\/wp-content\/uploads\/2025\/12\/WhatsApp-Image-2025-12-09-at-2.42.49-PM-1-768x633.jpeg 768w, https:\/\/labestiapolitica.com.mx\/wp-content\/uploads\/2025\/12\/WhatsApp-Image-2025-12-09-at-2.42.49-PM-1-1536x1265.jpeg 1536w\" sizes=\"auto, (max-width: 1600px) 100vw, 1600px\" \/> <img loading=\"lazy\" decoding=\"async\" class=\"alignnone size-full wp-image-56416\" src=\"https:\/\/labestiapolitica.com.mx\/wp-content\/uploads\/2025\/12\/WhatsApp-Image-2025-12-09-at-2.42.49-PM-2.jpeg\" alt=\"\" width=\"1600\" height=\"1200\" srcset=\"https:\/\/labestiapolitica.com.mx\/wp-content\/uploads\/2025\/12\/WhatsApp-Image-2025-12-09-at-2.42.49-PM-2.jpeg 1600w, https:\/\/labestiapolitica.com.mx\/wp-content\/uploads\/2025\/12\/WhatsApp-Image-2025-12-09-at-2.42.49-PM-2-300x225.jpeg 300w, https:\/\/labestiapolitica.com.mx\/wp-content\/uploads\/2025\/12\/WhatsApp-Image-2025-12-09-at-2.42.49-PM-2-1024x768.jpeg 1024w, https:\/\/labestiapolitica.com.mx\/wp-content\/uploads\/2025\/12\/WhatsApp-Image-2025-12-09-at-2.42.49-PM-2-768x576.jpeg 768w, https:\/\/labestiapolitica.com.mx\/wp-content\/uploads\/2025\/12\/WhatsApp-Image-2025-12-09-at-2.42.49-PM-2-1536x1152.jpeg 1536w\" sizes=\"auto, (max-width: 1600px) 100vw, 1600px\" \/><\/p>\n","protected":false},"excerpt":{"rendered":"<p>La Universidad del Altiplano (UDA), en colaboraci\u00f3n con \u00c1ngulo Cero, estren\u00f3 el cortometraje \u201cMis cuatro veces cuatro\u201d, dirigido por Brenda L\u00f3pez Barbiaux, una producci\u00f3n que pone sobre la mesa dos problem\u00e1ticas cada vez m\u00e1s presentes entre j\u00f3venes y adultos: el ghosting y el gaslighting, ambas formas de violencia emocional que afectan la salud mental y [&hellip;]<\/p>\n","protected":false},"author":3,"featured_media":56413,"comment_status":"open","ping_status":"open","sticky":false,"template":"","format":"standard","meta":{"footnotes":""},"categories":[7],"tags":[],"class_list":["post-56412","post","type-post","status-publish","format-standard","has-post-thumbnail","hentry","category-ciudadanos"],"amp_enabled":true,"_links":{"self":[{"href":"https:\/\/labestiapolitica.com.mx\/index.php?rest_route=\/wp\/v2\/posts\/56412","targetHints":{"allow":["GET"]}}],"collection":[{"href":"https:\/\/labestiapolitica.com.mx\/index.php?rest_route=\/wp\/v2\/posts"}],"about":[{"href":"https:\/\/labestiapolitica.com.mx\/index.php?rest_route=\/wp\/v2\/types\/post"}],"author":[{"embeddable":true,"href":"https:\/\/labestiapolitica.com.mx\/index.php?rest_route=\/wp\/v2\/users\/3"}],"replies":[{"embeddable":true,"href":"https:\/\/labestiapolitica.com.mx\/index.php?rest_route=%2Fwp%2Fv2%2Fcomments&post=56412"}],"version-history":[{"count":1,"href":"https:\/\/labestiapolitica.com.mx\/index.php?rest_route=\/wp\/v2\/posts\/56412\/revisions"}],"predecessor-version":[{"id":56417,"href":"https:\/\/labestiapolitica.com.mx\/index.php?rest_route=\/wp\/v2\/posts\/56412\/revisions\/56417"}],"wp:featuredmedia":[{"embeddable":true,"href":"https:\/\/labestiapolitica.com.mx\/index.php?rest_route=\/wp\/v2\/media\/56413"}],"wp:attachment":[{"href":"https:\/\/labestiapolitica.com.mx\/index.php?rest_route=%2Fwp%2Fv2%2Fmedia&parent=56412"}],"wp:term":[{"taxonomy":"category","embeddable":true,"href":"https:\/\/labestiapolitica.com.mx\/index.php?rest_route=%2Fwp%2Fv2%2Fcategories&post=56412"},{"taxonomy":"post_tag","embeddable":true,"href":"https:\/\/labestiapolitica.com.mx\/index.php?rest_route=%2Fwp%2Fv2%2Ftags&post=56412"}],"curies":[{"name":"wp","href":"https:\/\/api.w.org\/{rel}","templated":true}]}}