{"id":56438,"date":"2025-12-09T16:29:21","date_gmt":"2025-12-09T22:29:21","guid":{"rendered":"https:\/\/labestiapolitica.com.mx\/?p=56438"},"modified":"2025-12-09T16:29:21","modified_gmt":"2025-12-09T22:29:21","slug":"estudiantes-de-diseno-textil-uatx-presentan-exposicion-de-moda-y-arte-textil-en-museo-de-la-memoria","status":"publish","type":"post","link":"https:\/\/labestiapolitica.com.mx\/?p=56438","title":{"rendered":"Estudiantes de Dise\u00f1o Textil UATx presentan exposici\u00f3n de moda y arte textil en Museo de la Memoria."},"content":{"rendered":"<p style=\"font-weight: 400; text-align: justify;\">Estudiantes de tercer y noveno semestres de la Licenciatura en Dise\u00f1o Textil de la Facultad de Dise\u00f1o Arte y Arquitectura de la Universidad Aut\u00f3noma de Tlaxcala (FDAyA-UATx) presentaron la exposici\u00f3n de moda y arte textil \u201cRa\u00edces contempor\u00e1neas tlaxcaltecas\u201d y el\u00a01er. Coloquio interno de resultados \u201cLa investigaci\u00f3n\/acci\u00f3n en el dise\u00f1o textil\u201d\u00a0en el Museo de la Memoria.<\/p>\n<p style=\"font-weight: 400; text-align: justify;\">Ante padres de familia y p\u00fablico en general, en la sala \u201cMaestro Luis Reyes Garc\u00eda\u201d, en representaci\u00f3n del Doctor Seraf\u00edn Ortiz Ortiz, Rector de la UATx, \u00a0el Arquitecto Miguel Mois\u00e9s Garc\u00eda de Oca, Secretario Administrativo, indic\u00f3 que a trav\u00e9s de la formaci\u00f3n que imparte la Instituci\u00f3n bajo la filosof\u00eda del Modelo Humanista Integrador basado en Capacidades (MHIC) y el Seminario de Integraci\u00f3n de la Praxis Profesional, los educandos ponen en pr\u00e1ctica los conocimientos adquiridos en las aulas en escenarios reales para atender las diferentes problem\u00e1ticas\u00a0 que presenta la sociedad.<\/p>\n<p style=\"font-weight: 400; text-align: justify;\">Por su parte, la Licenciada Elvia Hern\u00e1ndez Escalona, Directora de la FDAyA, refiri\u00f3 que ambas actividades reflejan la misi\u00f3n y visi\u00f3n de esta \u00e1rea universitaria, donde el arte textil y el dise\u00f1o interact\u00faan como disciplinas vivas, capaces de transformar realidades. Hoy en d\u00eda se requieren de dise\u00f1adores capaces de reconocer que la actividad textil es un medio a trav\u00e9s de cual se preservan identidad, ra\u00edces y tradiciones de este arte.<\/p>\n<p style=\"font-weight: 400; text-align: justify;\">Bajo el t\u00edtulo \u201cRa\u00edces contempor\u00e1neas tlaxcaltecas\u201d, estudiantes de tercer semestre de Dise\u00f1o Textil presentaron sus proyectos del Seminario de Integraci\u00f3n de la Praxis Profesional, mediante el cual exploraron la riqueza cultural de esta la entidad desde una mirada actual, cr\u00edtica y sensible, con el objetivo de comprender c\u00f3mo su simbolog\u00eda, materiales, t\u00e9cnicas y narrativa contin\u00faan presentes, adapt\u00e1ndose y resignific\u00e1ndose en la actualidad.<\/p>\n<p style=\"font-weight: 400; text-align: justify;\">Por lo que respecta al 1er. Coloquio interno de resultados \u201cLa investigaci\u00f3n\/acci\u00f3n en el dise\u00f1o textil\u201d, representa una transici\u00f3n hacia la profesionalizaci\u00f3n plena, porque es un ejercicio donde el estudiante presenta una propuesta innovadora y sostenible que demanda sensibilidad social, pensamiento cr\u00edtico, habilidades metodol\u00f3gicas para proponer soluciones reales.<\/p>\n<p style=\"font-weight: 400; text-align: justify;\">Este evento, cont\u00f3 con la presencia del Doctor Francisco Mart\u00ednez Hern\u00e1ndez, Director del Museo de la Memoria; del Licenciado Alfredo V\u00e1zquez S\u00e1nchez, Secretario T\u00e9cnico B del SNTE; \u00a0y del Maestro Adri\u00e1n Grada, Secretario de la Facultad.<\/p>\n","protected":false},"excerpt":{"rendered":"<p>Estudiantes de tercer y noveno semestres de la Licenciatura en Dise\u00f1o Textil de la Facultad de Dise\u00f1o Arte y Arquitectura de la Universidad Aut\u00f3noma de Tlaxcala (FDAyA-UATx) presentaron la exposici\u00f3n de moda y arte textil \u201cRa\u00edces contempor\u00e1neas tlaxcaltecas\u201d y el\u00a01er. Coloquio interno de resultados \u201cLa investigaci\u00f3n\/acci\u00f3n en el dise\u00f1o textil\u201d\u00a0en el Museo de la Memoria. [&hellip;]<\/p>\n","protected":false},"author":5,"featured_media":56439,"comment_status":"open","ping_status":"open","sticky":false,"template":"","format":"standard","meta":{"footnotes":""},"categories":[213,241],"tags":[],"class_list":["post-56438","post","type-post","status-publish","format-standard","has-post-thumbnail","hentry","category-educacion","category-uatx"],"amp_enabled":true,"_links":{"self":[{"href":"https:\/\/labestiapolitica.com.mx\/index.php?rest_route=\/wp\/v2\/posts\/56438","targetHints":{"allow":["GET"]}}],"collection":[{"href":"https:\/\/labestiapolitica.com.mx\/index.php?rest_route=\/wp\/v2\/posts"}],"about":[{"href":"https:\/\/labestiapolitica.com.mx\/index.php?rest_route=\/wp\/v2\/types\/post"}],"author":[{"embeddable":true,"href":"https:\/\/labestiapolitica.com.mx\/index.php?rest_route=\/wp\/v2\/users\/5"}],"replies":[{"embeddable":true,"href":"https:\/\/labestiapolitica.com.mx\/index.php?rest_route=%2Fwp%2Fv2%2Fcomments&post=56438"}],"version-history":[{"count":1,"href":"https:\/\/labestiapolitica.com.mx\/index.php?rest_route=\/wp\/v2\/posts\/56438\/revisions"}],"predecessor-version":[{"id":56440,"href":"https:\/\/labestiapolitica.com.mx\/index.php?rest_route=\/wp\/v2\/posts\/56438\/revisions\/56440"}],"wp:featuredmedia":[{"embeddable":true,"href":"https:\/\/labestiapolitica.com.mx\/index.php?rest_route=\/wp\/v2\/media\/56439"}],"wp:attachment":[{"href":"https:\/\/labestiapolitica.com.mx\/index.php?rest_route=%2Fwp%2Fv2%2Fmedia&parent=56438"}],"wp:term":[{"taxonomy":"category","embeddable":true,"href":"https:\/\/labestiapolitica.com.mx\/index.php?rest_route=%2Fwp%2Fv2%2Fcategories&post=56438"},{"taxonomy":"post_tag","embeddable":true,"href":"https:\/\/labestiapolitica.com.mx\/index.php?rest_route=%2Fwp%2Fv2%2Ftags&post=56438"}],"curies":[{"name":"wp","href":"https:\/\/api.w.org\/{rel}","templated":true}]}}