{"id":56448,"date":"2025-12-09T19:20:51","date_gmt":"2025-12-10T01:20:51","guid":{"rendered":"https:\/\/labestiapolitica.com.mx\/?p=56448"},"modified":"2025-12-09T19:20:51","modified_gmt":"2025-12-10T01:20:51","slug":"llega-la-posada-de-la-esperanza-con-jorge-dominguez-y-grandes-invitados-este-viernes-26-de-diciembre-en-apizaco","status":"publish","type":"post","link":"https:\/\/labestiapolitica.com.mx\/?p=56448","title":{"rendered":"\u00a1Llega la Posada de la Esperanza con Jorge Dom\u00ednguez y grandes invitados, este viernes 26 de diciembre en Apizaco!"},"content":{"rendered":"<p style=\"text-align: justify;\">El Ayuntamiento de Apizaco, encabezado por el presidente municipal Javier Rivera Bonilla, en colaboraci\u00f3n con la asociaci\u00f3n civil Voces de la Esperanza Tlaxcala, invitan a todas las familias a disfrutar de la Posada de la Esperanza 2025, una celebraci\u00f3n que reunir\u00e1 m\u00fasica, talento y convivencia para cerrar el a\u00f1o con alegr\u00eda.<\/p>\n<p style=\"text-align: justify;\">Este evento contar\u00e1 con una producci\u00f3n especial, destacando la presentaci\u00f3n estelar de Jorge Dom\u00ednguez, acompa\u00f1ado de grandes agrupaciones como La Aut\u00e9ntica de Gildardo Z\u00e1rate, Los Dukes de As\u00eds, Super Class, La Nueva Era y Super Kumbia, quienes encender\u00e1n el ambiente con un gran baile navide\u00f1o pensado para todas las edades.<\/p>\n<p style=\"text-align: justify;\">La posada se llevar\u00e1 a cabo el viernes 26 de diciembre de 2025, con entrada totalmente gratuita, iniciando a las 6:30 de la tarde en la explanada del Parque Cuauht\u00e9moc, en el municipio de Apizaco.<\/p>\n<p style=\"text-align: justify;\">Como parte del compromiso del Ayuntamiento con la promoci\u00f3n cultural y el fortalecimiento del tejido social, se han brindado todas las facilidades log\u00edsticas, t\u00e9cnicas y de organizaci\u00f3n para realizar este evento de manera segura, ordenada y accesible para todas las familias.<\/p>\n<p style=\"text-align: justify;\">Con esta verbena popular, la administraci\u00f3n municipal que encabeza Javier Rivera Bonilla, reafirma su esp\u00edritu de unidad y celebraci\u00f3n, ofreciendo espacios de sana convivencia y espect\u00e1culos de calidad para la ciudadan\u00eda.<\/p>\n","protected":false},"excerpt":{"rendered":"<p>El Ayuntamiento de Apizaco, encabezado por el presidente municipal Javier Rivera Bonilla, en colaboraci\u00f3n con la asociaci\u00f3n civil Voces de la Esperanza Tlaxcala, invitan a todas las familias a disfrutar de la Posada de la Esperanza 2025, una celebraci\u00f3n que reunir\u00e1 m\u00fasica, talento y convivencia para cerrar el a\u00f1o con alegr\u00eda. Este evento contar\u00e1 con [&hellip;]<\/p>\n","protected":false},"author":5,"featured_media":56454,"comment_status":"open","ping_status":"open","sticky":false,"template":"","format":"standard","meta":{"footnotes":""},"categories":[226,7,216],"tags":[],"class_list":["post-56448","post","type-post","status-publish","format-standard","has-post-thumbnail","hentry","category-apizaco","category-ciudadanos","category-municipios"],"amp_enabled":true,"_links":{"self":[{"href":"https:\/\/labestiapolitica.com.mx\/index.php?rest_route=\/wp\/v2\/posts\/56448","targetHints":{"allow":["GET"]}}],"collection":[{"href":"https:\/\/labestiapolitica.com.mx\/index.php?rest_route=\/wp\/v2\/posts"}],"about":[{"href":"https:\/\/labestiapolitica.com.mx\/index.php?rest_route=\/wp\/v2\/types\/post"}],"author":[{"embeddable":true,"href":"https:\/\/labestiapolitica.com.mx\/index.php?rest_route=\/wp\/v2\/users\/5"}],"replies":[{"embeddable":true,"href":"https:\/\/labestiapolitica.com.mx\/index.php?rest_route=%2Fwp%2Fv2%2Fcomments&post=56448"}],"version-history":[{"count":1,"href":"https:\/\/labestiapolitica.com.mx\/index.php?rest_route=\/wp\/v2\/posts\/56448\/revisions"}],"predecessor-version":[{"id":56455,"href":"https:\/\/labestiapolitica.com.mx\/index.php?rest_route=\/wp\/v2\/posts\/56448\/revisions\/56455"}],"wp:featuredmedia":[{"embeddable":true,"href":"https:\/\/labestiapolitica.com.mx\/index.php?rest_route=\/wp\/v2\/media\/56454"}],"wp:attachment":[{"href":"https:\/\/labestiapolitica.com.mx\/index.php?rest_route=%2Fwp%2Fv2%2Fmedia&parent=56448"}],"wp:term":[{"taxonomy":"category","embeddable":true,"href":"https:\/\/labestiapolitica.com.mx\/index.php?rest_route=%2Fwp%2Fv2%2Fcategories&post=56448"},{"taxonomy":"post_tag","embeddable":true,"href":"https:\/\/labestiapolitica.com.mx\/index.php?rest_route=%2Fwp%2Fv2%2Ftags&post=56448"}],"curies":[{"name":"wp","href":"https:\/\/api.w.org\/{rel}","templated":true}]}}