{"id":56458,"date":"2025-12-09T19:24:57","date_gmt":"2025-12-10T01:24:57","guid":{"rendered":"https:\/\/labestiapolitica.com.mx\/?p=56458"},"modified":"2025-12-09T19:24:57","modified_gmt":"2025-12-10T01:24:57","slug":"zacualpan-realiza-rodada-naranja-para-promover-la-igualdad-y-erradicar-la-violencia","status":"publish","type":"post","link":"https:\/\/labestiapolitica.com.mx\/?p=56458","title":{"rendered":"Zacualpan realiza Rodada Naranja para promover la igualdad y erradicar la violencia."},"content":{"rendered":"<p style=\"text-align: justify;\">Como parte de las actividades impulsadas por el Ayuntamiento de Zacualpan, que preside Sandra Corona Padilla, \u00a0en el marco de los 16 D\u00edas de Activismo contra la Violencia de G\u00e9nero, este domingo se realiz\u00f3 la Rodada Naranja \u00abAct\u00edvate por la igualdad entre hombres y mujeres\u00bb.<\/p>\n<p style=\"text-align: justify;\">Donde el colectivo bici amigas realizaron un recorrido en bicicleta por diversas calles del municipio, con el prop\u00f3sito de promover la igualdad y generar conciencia sobre la importancia de erradicar la violencia contra las mujeres.<\/p>\n<p style=\"text-align: justify;\">Durante la actividad, las y los participantes recorrieron los seis murales naranjas instalados recientemente en distintos puntos del municipio, los cuales representan mensajes de fuerza, esperanza y reflexi\u00f3n comunitaria. Cada parada se convirti\u00f3 en un recordatorio colectivo de que la violencia debe terminar y de que la uni\u00f3n ciudadana fortalece la voz de quienes luchan por una vida libre de agresiones.<\/p>\n<p style=\"text-align: justify;\">La presidenta municipal destac\u00f3 que acciones como esta fomentan la participaci\u00f3n social y refuerzan el compromiso de su administraci\u00f3n con la construcci\u00f3n de un entorno seguro y respetuoso.<\/p>\n<p style=\"text-align: justify;\">\u201cCuando caminamos y rodamos juntos, nuestra voz se vuelve m\u00e1s fuerte. Sigamos impulsando un #PuebloDeBien donde todas y todos vivamos con respeto, dignidad y paz\u201d, expres\u00f3 Corona Padilla.<\/p>\n<p style=\"text-align: justify;\">El Ayuntamiento reafirm\u00f3 que continuar\u00e1 promoviendo actividades que contribuyan a la prevenci\u00f3n de la violencia y a la sensibilizaci\u00f3n de la poblaci\u00f3n, recordando que la transformaci\u00f3n social tambi\u00e9n se mueve, y que hoy Zacualpan avanz\u00f3 unido.<\/p>\n","protected":false},"excerpt":{"rendered":"<p>Como parte de las actividades impulsadas por el Ayuntamiento de Zacualpan, que preside Sandra Corona Padilla, \u00a0en el marco de los 16 D\u00edas de Activismo contra la Violencia de G\u00e9nero, este domingo se realiz\u00f3 la Rodada Naranja \u00abAct\u00edvate por la igualdad entre hombres y mujeres\u00bb. Donde el colectivo bici amigas realizaron un recorrido en bicicleta [&hellip;]<\/p>\n","protected":false},"author":5,"featured_media":56460,"comment_status":"open","ping_status":"open","sticky":false,"template":"","format":"standard","meta":{"footnotes":""},"categories":[7,216],"tags":[],"class_list":["post-56458","post","type-post","status-publish","format-standard","has-post-thumbnail","hentry","category-ciudadanos","category-municipios"],"amp_enabled":true,"_links":{"self":[{"href":"https:\/\/labestiapolitica.com.mx\/index.php?rest_route=\/wp\/v2\/posts\/56458","targetHints":{"allow":["GET"]}}],"collection":[{"href":"https:\/\/labestiapolitica.com.mx\/index.php?rest_route=\/wp\/v2\/posts"}],"about":[{"href":"https:\/\/labestiapolitica.com.mx\/index.php?rest_route=\/wp\/v2\/types\/post"}],"author":[{"embeddable":true,"href":"https:\/\/labestiapolitica.com.mx\/index.php?rest_route=\/wp\/v2\/users\/5"}],"replies":[{"embeddable":true,"href":"https:\/\/labestiapolitica.com.mx\/index.php?rest_route=%2Fwp%2Fv2%2Fcomments&post=56458"}],"version-history":[{"count":1,"href":"https:\/\/labestiapolitica.com.mx\/index.php?rest_route=\/wp\/v2\/posts\/56458\/revisions"}],"predecessor-version":[{"id":56461,"href":"https:\/\/labestiapolitica.com.mx\/index.php?rest_route=\/wp\/v2\/posts\/56458\/revisions\/56461"}],"wp:featuredmedia":[{"embeddable":true,"href":"https:\/\/labestiapolitica.com.mx\/index.php?rest_route=\/wp\/v2\/media\/56460"}],"wp:attachment":[{"href":"https:\/\/labestiapolitica.com.mx\/index.php?rest_route=%2Fwp%2Fv2%2Fmedia&parent=56458"}],"wp:term":[{"taxonomy":"category","embeddable":true,"href":"https:\/\/labestiapolitica.com.mx\/index.php?rest_route=%2Fwp%2Fv2%2Fcategories&post=56458"},{"taxonomy":"post_tag","embeddable":true,"href":"https:\/\/labestiapolitica.com.mx\/index.php?rest_route=%2Fwp%2Fv2%2Ftags&post=56458"}],"curies":[{"name":"wp","href":"https:\/\/api.w.org\/{rel}","templated":true}]}}