{"id":56473,"date":"2025-12-09T19:35:58","date_gmt":"2025-12-10T01:35:58","guid":{"rendered":"https:\/\/labestiapolitica.com.mx\/?p=56473"},"modified":"2025-12-09T19:35:58","modified_gmt":"2025-12-10T01:35:58","slug":"ayuntamiento-de-tlaxcala-y-bienestar-animal-del-estado-convocan-a-jornada-de-adopcion-y-tramites-de-la-cruac","status":"publish","type":"post","link":"https:\/\/labestiapolitica.com.mx\/?p=56473","title":{"rendered":"Ayuntamiento de Tlaxcala y Bienestar Animal del Estado convocan a jornada de adopci\u00f3n y tr\u00e1mites de la CRUAC."},"content":{"rendered":"<ul>\n<li style=\"text-align: justify;\">Las actividades se desarrollar\u00e1n el jueves 11 de diciembre, de 11:00 a 16:00 horas, en el kiosco de la Plaza de la Constituci\u00f3n<\/li>\n<\/ul>\n<p style=\"text-align: justify;\">El Ayuntamiento de Tlaxcala, encabezado por el presidente municipal Alfonso S\u00e1nchez Garc\u00eda, convoc\u00f3 a la ciudadan\u00eda a participar en las pr\u00f3ximas jornadas de adopci\u00f3n del programa \u201cAdogtame\u201d y en la tramitaci\u00f3n de la Clave de Registro \u00danico de Animales de Compa\u00f1\u00eda (CRUAC), como parte de las acciones para fortalecer el bienestar animal en la capital.<\/p>\n<p style=\"text-align: justify;\">A trav\u00e9s de la coordinaci\u00f3n de Bienestar Animal Municipal y Bienestar Animal del Estado, se busca fomentar la adopci\u00f3n responsable y avanzar en la identificaci\u00f3n formal de mascotas, con el fin de ofrecer mayor protecci\u00f3n y control a perros y gatos en el municipio.<\/p>\n<p style=\"text-align: justify;\">Las actividades se desarrollar\u00e1n el jueves 11 de diciembre, de 11:00 a 16:00 horas, en el kiosco de la Plaza de la Constituci\u00f3n, y se contempla que durante la jornada tambi\u00e9n se contar\u00e1 con m\u00f3dulo de desparasitaci\u00f3n interna y externa, as\u00ed como de vacunaci\u00f3n antirr\u00e1bica.<\/p>\n<p style=\"text-align: justify;\">Para concretar una adopci\u00f3n ser\u00e1 necesario presentar INE en f\u00edsico y copia; mientras que, para el tr\u00e1mite de la CRUAC, se requerir\u00e1 fotograf\u00eda del INE por ambos lados y una imagen digital de cuerpo completo del animal de compa\u00f1\u00eda.<\/p>\n<p style=\"text-align: justify;\">Estas acciones se suman a las campa\u00f1as de esterilizaci\u00f3n y vacunaci\u00f3n antirr\u00e1bica que se han llevado a cabo a lo largo de este a\u00f1o, a fin de garantizar la salud y bienestar tanto de la poblaci\u00f3n canina y felina como de la ciudan\u00eda.<\/p>\n<p style=\"text-align: justify;\">De esta manera, el Gobierno Municipal reafirma su compromiso con pol\u00edticas p\u00fablicas que promuevan el cuidado y la protecci\u00f3n animal, e invita a la poblaci\u00f3n a sumarse brindando un hogar responsable y seguro a los ejemplares en resguardo.<\/p>\n","protected":false},"excerpt":{"rendered":"<p>Las actividades se desarrollar\u00e1n el jueves 11 de diciembre, de 11:00 a 16:00 horas, en el kiosco de la Plaza de la Constituci\u00f3n El Ayuntamiento de Tlaxcala, encabezado por el presidente municipal Alfonso S\u00e1nchez Garc\u00eda, convoc\u00f3 a la ciudadan\u00eda a participar en las pr\u00f3ximas jornadas de adopci\u00f3n del programa \u201cAdogtame\u201d y en la tramitaci\u00f3n de [&hellip;]<\/p>\n","protected":false},"author":5,"featured_media":56475,"comment_status":"open","ping_status":"open","sticky":false,"template":"","format":"standard","meta":{"footnotes":""},"categories":[7,216,214],"tags":[],"class_list":["post-56473","post","type-post","status-publish","format-standard","has-post-thumbnail","hentry","category-ciudadanos","category-municipios","category-tlaxcala-capital"],"amp_enabled":true,"_links":{"self":[{"href":"https:\/\/labestiapolitica.com.mx\/index.php?rest_route=\/wp\/v2\/posts\/56473","targetHints":{"allow":["GET"]}}],"collection":[{"href":"https:\/\/labestiapolitica.com.mx\/index.php?rest_route=\/wp\/v2\/posts"}],"about":[{"href":"https:\/\/labestiapolitica.com.mx\/index.php?rest_route=\/wp\/v2\/types\/post"}],"author":[{"embeddable":true,"href":"https:\/\/labestiapolitica.com.mx\/index.php?rest_route=\/wp\/v2\/users\/5"}],"replies":[{"embeddable":true,"href":"https:\/\/labestiapolitica.com.mx\/index.php?rest_route=%2Fwp%2Fv2%2Fcomments&post=56473"}],"version-history":[{"count":1,"href":"https:\/\/labestiapolitica.com.mx\/index.php?rest_route=\/wp\/v2\/posts\/56473\/revisions"}],"predecessor-version":[{"id":56476,"href":"https:\/\/labestiapolitica.com.mx\/index.php?rest_route=\/wp\/v2\/posts\/56473\/revisions\/56476"}],"wp:featuredmedia":[{"embeddable":true,"href":"https:\/\/labestiapolitica.com.mx\/index.php?rest_route=\/wp\/v2\/media\/56475"}],"wp:attachment":[{"href":"https:\/\/labestiapolitica.com.mx\/index.php?rest_route=%2Fwp%2Fv2%2Fmedia&parent=56473"}],"wp:term":[{"taxonomy":"category","embeddable":true,"href":"https:\/\/labestiapolitica.com.mx\/index.php?rest_route=%2Fwp%2Fv2%2Fcategories&post=56473"},{"taxonomy":"post_tag","embeddable":true,"href":"https:\/\/labestiapolitica.com.mx\/index.php?rest_route=%2Fwp%2Fv2%2Ftags&post=56473"}],"curies":[{"name":"wp","href":"https:\/\/api.w.org\/{rel}","templated":true}]}}