{"id":56482,"date":"2025-12-09T19:41:51","date_gmt":"2025-12-10T01:41:51","guid":{"rendered":"https:\/\/labestiapolitica.com.mx\/?p=56482"},"modified":"2025-12-09T19:41:51","modified_gmt":"2025-12-10T01:41:51","slug":"inaugura-alcaldesa-rocio-melendez-aula-multimedia-donada-por-mexico-telecom-partners","status":"publish","type":"post","link":"https:\/\/labestiapolitica.com.mx\/?p=56482","title":{"rendered":"Inaugura alcaldesa Roc\u00edo Mel\u00e9ndez, Aula Multimedia donada por Mexico Telecom Partners."},"content":{"rendered":"<p style=\"text-align: justify;\">Reafirmando su compromiso con la educaci\u00f3n y el desarrollo tecnol\u00f3gico de la ni\u00f1ez, la alcaldesa de La Magdalena Tlaltelulco, Roc\u00edo Mel\u00e9ndez, inaugur\u00f3 el Aula Multimedia en la Escuela Primaria Miguel Hidalgo, un espacio moderno que fortalecer\u00e1 el aprendizaje de las y los estudiantes.<\/p>\n<p style=\"text-align: justify;\">La instalaci\u00f3n y equipamiento de esta aula fue posible gracias a la donaci\u00f3n realizada por Mexico Telecom Partners (MTP), derivada de las gestiones de la Presidenta Municipal, quien contin\u00faa impulsando acciones para mejorar los espacios educativos del municipio.<\/p>\n<p style=\"text-align: justify;\">Durante la inauguraci\u00f3n, representantes de MTP, autoridades municipales, representantes educativos, docentes; destacaron la importancia de esta aula, que permitir\u00e1 a las y los alumnos acceder a herramientas tecnol\u00f3gicas esenciales para su formaci\u00f3n.<\/p>\n<p style=\"text-align: justify;\">La presidenta municipal enfatiz\u00f3 que su administraci\u00f3n mantiene como prioridad la mejora de las condiciones escolares y la generaci\u00f3n de oportunidades para que la ni\u00f1ez de Tlaltelulco tenga acceso a educaci\u00f3n de calidad.<\/p>\n<p style=\"text-align: justify;\">Con esta acci\u00f3n, el Ayuntamiento avanza con fuerza en la modernizaci\u00f3n de los centros educativos y en la creaci\u00f3n de entornos que fomenten la creatividad, la innovaci\u00f3n y el desarrollo acad\u00e9mico.<\/p>\n","protected":false},"excerpt":{"rendered":"<p>Reafirmando su compromiso con la educaci\u00f3n y el desarrollo tecnol\u00f3gico de la ni\u00f1ez, la alcaldesa de La Magdalena Tlaltelulco, Roc\u00edo Mel\u00e9ndez, inaugur\u00f3 el Aula Multimedia en la Escuela Primaria Miguel Hidalgo, un espacio moderno que fortalecer\u00e1 el aprendizaje de las y los estudiantes. La instalaci\u00f3n y equipamiento de esta aula fue posible gracias a la [&hellip;]<\/p>\n","protected":false},"author":5,"featured_media":56483,"comment_status":"open","ping_status":"open","sticky":false,"template":"","format":"standard","meta":{"footnotes":""},"categories":[7,218,216],"tags":[],"class_list":["post-56482","post","type-post","status-publish","format-standard","has-post-thumbnail","hentry","category-ciudadanos","category-la-magdalena-tlaltelulco","category-municipios"],"amp_enabled":true,"_links":{"self":[{"href":"https:\/\/labestiapolitica.com.mx\/index.php?rest_route=\/wp\/v2\/posts\/56482","targetHints":{"allow":["GET"]}}],"collection":[{"href":"https:\/\/labestiapolitica.com.mx\/index.php?rest_route=\/wp\/v2\/posts"}],"about":[{"href":"https:\/\/labestiapolitica.com.mx\/index.php?rest_route=\/wp\/v2\/types\/post"}],"author":[{"embeddable":true,"href":"https:\/\/labestiapolitica.com.mx\/index.php?rest_route=\/wp\/v2\/users\/5"}],"replies":[{"embeddable":true,"href":"https:\/\/labestiapolitica.com.mx\/index.php?rest_route=%2Fwp%2Fv2%2Fcomments&post=56482"}],"version-history":[{"count":1,"href":"https:\/\/labestiapolitica.com.mx\/index.php?rest_route=\/wp\/v2\/posts\/56482\/revisions"}],"predecessor-version":[{"id":56484,"href":"https:\/\/labestiapolitica.com.mx\/index.php?rest_route=\/wp\/v2\/posts\/56482\/revisions\/56484"}],"wp:featuredmedia":[{"embeddable":true,"href":"https:\/\/labestiapolitica.com.mx\/index.php?rest_route=\/wp\/v2\/media\/56483"}],"wp:attachment":[{"href":"https:\/\/labestiapolitica.com.mx\/index.php?rest_route=%2Fwp%2Fv2%2Fmedia&parent=56482"}],"wp:term":[{"taxonomy":"category","embeddable":true,"href":"https:\/\/labestiapolitica.com.mx\/index.php?rest_route=%2Fwp%2Fv2%2Fcategories&post=56482"},{"taxonomy":"post_tag","embeddable":true,"href":"https:\/\/labestiapolitica.com.mx\/index.php?rest_route=%2Fwp%2Fv2%2Ftags&post=56482"}],"curies":[{"name":"wp","href":"https:\/\/api.w.org\/{rel}","templated":true}]}}