{"id":56489,"date":"2025-12-09T21:19:52","date_gmt":"2025-12-10T03:19:52","guid":{"rendered":"https:\/\/labestiapolitica.com.mx\/?p=56489"},"modified":"2025-12-09T21:19:52","modified_gmt":"2025-12-10T03:19:52","slug":"ayuntamiento-de-tlaxcala-y-bienestar-animal-del-estado-convocan-a-jornada-de-adopcion-y-tramites-de-la-cruac-2","status":"publish","type":"post","link":"https:\/\/labestiapolitica.com.mx\/?p=56489","title":{"rendered":"Ayuntamiento de Tlaxcala y Bienestar Animal del Estado convocan a jornada de adopci\u00f3n y tr\u00e1mites de la CRUAC."},"content":{"rendered":"<p style=\"text-align: justify;\">El Gobierno Municipal de Tlaxcala, que encabeza Alfonso S\u00e1nchez Garc\u00eda, contin\u00faa realizando acciones que fortalecen la infraestructura social en beneficio de las comunidades y delegaciones de la capital, y como parte de estos esfuerzos, se llev\u00f3 a cabo la rehabilitaci\u00f3n de la plaza c\u00edvica de San Hip\u00f3lito Chimalpa, un espacio esencial para la convivencia y las actividades comunitarias.<\/p>\n<p style=\"text-align: justify;\">A trav\u00e9s de la Direcci\u00f3n de Obras P\u00fablicas, se realizaron trabajos orientados a dignificar este punto de encuentro ciudadano, atendiendo la necesidad de contar con \u00e1reas p\u00fablicas funcionales, seguras y adecuadas para eventos c\u00edvicos, culturales y recreativos.<\/p>\n<p style=\"text-align: justify;\">Como parte de la intervenci\u00f3n, la brigada de Obras P\u00fablicas y Desarrollo Urbano efectu\u00f3 el tendido de base hidr\u00e1ulica y su correspondiente compactaci\u00f3n, alcanzando un avance del 40 por ciento, por lo que estas labores representan un paso significativo en la consolidaci\u00f3n de una obra que permitir\u00e1 mejorar la infraestructura y elevar la calidad de los servicios ofrecidos a los habitantes.<\/p>\n<p style=\"text-align: justify;\">Al respecto, el alcalde Alfonso S\u00e1nchez Garc\u00eda afirm\u00f3 que con estos trabajos \u201cvamos a dejar la plaza como se merece la gente de Chimalpa\u201d. Adem\u00e1s, anunci\u00f3 que las labores continuar\u00e1n hasta las \u00faltimas semanas de este 2025, con el impulso de obras que respondan a las necesidades de la poblaci\u00f3n y contribuyan a su bienestar.<\/p>\n","protected":false},"excerpt":{"rendered":"<p>El Gobierno Municipal de Tlaxcala, que encabeza Alfonso S\u00e1nchez Garc\u00eda, contin\u00faa realizando acciones que fortalecen la infraestructura social en beneficio de las comunidades y delegaciones de la capital, y como parte de estos esfuerzos, se llev\u00f3 a cabo la rehabilitaci\u00f3n de la plaza c\u00edvica de San Hip\u00f3lito Chimalpa, un espacio esencial para la convivencia y [&hellip;]<\/p>\n","protected":false},"author":5,"featured_media":56490,"comment_status":"open","ping_status":"open","sticky":false,"template":"","format":"standard","meta":{"footnotes":""},"categories":[7,216,214],"tags":[],"class_list":["post-56489","post","type-post","status-publish","format-standard","has-post-thumbnail","hentry","category-ciudadanos","category-municipios","category-tlaxcala-capital"],"amp_enabled":true,"_links":{"self":[{"href":"https:\/\/labestiapolitica.com.mx\/index.php?rest_route=\/wp\/v2\/posts\/56489","targetHints":{"allow":["GET"]}}],"collection":[{"href":"https:\/\/labestiapolitica.com.mx\/index.php?rest_route=\/wp\/v2\/posts"}],"about":[{"href":"https:\/\/labestiapolitica.com.mx\/index.php?rest_route=\/wp\/v2\/types\/post"}],"author":[{"embeddable":true,"href":"https:\/\/labestiapolitica.com.mx\/index.php?rest_route=\/wp\/v2\/users\/5"}],"replies":[{"embeddable":true,"href":"https:\/\/labestiapolitica.com.mx\/index.php?rest_route=%2Fwp%2Fv2%2Fcomments&post=56489"}],"version-history":[{"count":1,"href":"https:\/\/labestiapolitica.com.mx\/index.php?rest_route=\/wp\/v2\/posts\/56489\/revisions"}],"predecessor-version":[{"id":56491,"href":"https:\/\/labestiapolitica.com.mx\/index.php?rest_route=\/wp\/v2\/posts\/56489\/revisions\/56491"}],"wp:featuredmedia":[{"embeddable":true,"href":"https:\/\/labestiapolitica.com.mx\/index.php?rest_route=\/wp\/v2\/media\/56490"}],"wp:attachment":[{"href":"https:\/\/labestiapolitica.com.mx\/index.php?rest_route=%2Fwp%2Fv2%2Fmedia&parent=56489"}],"wp:term":[{"taxonomy":"category","embeddable":true,"href":"https:\/\/labestiapolitica.com.mx\/index.php?rest_route=%2Fwp%2Fv2%2Fcategories&post=56489"},{"taxonomy":"post_tag","embeddable":true,"href":"https:\/\/labestiapolitica.com.mx\/index.php?rest_route=%2Fwp%2Fv2%2Ftags&post=56489"}],"curies":[{"name":"wp","href":"https:\/\/api.w.org\/{rel}","templated":true}]}}