{"id":56493,"date":"2025-12-10T08:51:34","date_gmt":"2025-12-10T14:51:34","guid":{"rendered":"https:\/\/labestiapolitica.com.mx\/?p=56493"},"modified":"2025-12-10T11:09:03","modified_gmt":"2025-12-10T17:09:03","slug":"danae-figueroa-destaca-la-fuerza-ciudadana-en-la-instalacion-del-consejo-consultivo-en-tlaxcala","status":"publish","type":"post","link":"https:\/\/labestiapolitica.com.mx\/?p=56493","title":{"rendered":"Danae Figueroa Destaca la Fuerza Ciudadana en la Instalaci\u00f3n del Consejo Consultivo en Tlaxcala"},"content":{"rendered":"<p class=\"p1\" style=\"text-align: justify;\"><span style=\"text-align: justify;\">Mariana LOVERA \/\/ Con la convicci\u00f3n de que \u201cTlaxcala dio un paso m\u00e1s hacia la construcci\u00f3n de un mejor futuro\u201d, la l\u00edder estatal de Movimiento Ciudadano, Danae Figueroa, encabez\u00f3 la toma de protesta del Consejo Consultivo Ciudadano \u201cPensando en M\u00e9xico: Tlaxcala\u201d.<\/span><\/p>\n<p class=\"p1\" style=\"text-align: justify;\"><span class=\"s1\">El evento, que reuni\u00f3 a empresarios y representantes de PYMES de la entidad, tuvo como objetivo principal impulsar una agenda ciudadana s\u00f3lida y con visi\u00f3n, enfocada en la colaboraci\u00f3n entre la iniciativa privada y la sociedad civil.<\/span><\/p>\n<p class=\"p1\" style=\"text-align: justify;\"><span class=\"s1\">Durante la ceremonia, se cont\u00f3 con la presencia de figuras nacionales del partido naranja, como el Maestro Salom\u00f3n Chertorivski y Sof\u00eda Margarita Provencio, presidenta del Consejo Consultivo de la Ciudad de M\u00e9xico. Ambos compartieron experiencias y reforzaron su compromiso con la participaci\u00f3n ciudadana y empresarial como motor de desarrollo.<\/span><\/p>\n<p class=\"p1\" style=\"text-align: justify;\"><span class=\"s1\">Un momento clave del acto fue el nombramiento de Jos\u00e9 Juan D\u00e1vila V\u00e1zquez como presidente del Consejo Consultivo en Tlaxcala. Este nombramiento, seg\u00fan Figueroa, \u201cmarca el inicio de una nueva etapa de trabajo y colaboraci\u00f3n\u201d para el estado.<\/span><\/p>\n<p class=\"p1\" style=\"text-align: justify;\"><span class=\"s1\">En sus intervenciones, la dirigente estatal de MC enfatiz\u00f3 la importancia de construir desde las bases: \u201cSeguimos construyendo desde las ideas, las propuestas y la ciudadan\u00eda\u201d, afirm\u00f3, subrayando la metodolog\u00eda del partido que prioriza la construcci\u00f3n de propuestas desde lo local.<\/span><\/p>\n<p class=\"p1\" style=\"text-align: justify;\"><span class=\"s1\">El consejo buscar\u00e1 fungir como un puente y un espacio de di\u00e1logo permanente para generar pol\u00edticas p\u00fablicas y acciones que respondan a las necesidades espec\u00edficas de Tlaxcala, siempre desde una perspectiva ciudadana y empresarial.<\/span><\/p>\n","protected":false},"excerpt":{"rendered":"<p>Mariana LOVERA \/\/ Con la convicci\u00f3n de que \u201cTlaxcala dio un paso m\u00e1s hacia la construcci\u00f3n de un mejor futuro\u201d, la l\u00edder estatal de Movimiento Ciudadano, Danae Figueroa, encabez\u00f3 la toma de protesta del Consejo Consultivo Ciudadano \u201cPensando en M\u00e9xico: Tlaxcala\u201d. El evento, que reuni\u00f3 a empresarios y representantes de PYMES de la entidad, tuvo [&hellip;]<\/p>\n","protected":false},"author":6,"featured_media":56494,"comment_status":"open","ping_status":"open","sticky":false,"template":"","format":"standard","meta":{"footnotes":""},"categories":[3,249,247],"tags":[],"class_list":["post-56493","post","type-post","status-publish","format-standard","has-post-thumbnail","hentry","category-8-columnas","category-morena","category-politica"],"amp_enabled":true,"_links":{"self":[{"href":"https:\/\/labestiapolitica.com.mx\/index.php?rest_route=\/wp\/v2\/posts\/56493","targetHints":{"allow":["GET"]}}],"collection":[{"href":"https:\/\/labestiapolitica.com.mx\/index.php?rest_route=\/wp\/v2\/posts"}],"about":[{"href":"https:\/\/labestiapolitica.com.mx\/index.php?rest_route=\/wp\/v2\/types\/post"}],"author":[{"embeddable":true,"href":"https:\/\/labestiapolitica.com.mx\/index.php?rest_route=\/wp\/v2\/users\/6"}],"replies":[{"embeddable":true,"href":"https:\/\/labestiapolitica.com.mx\/index.php?rest_route=%2Fwp%2Fv2%2Fcomments&post=56493"}],"version-history":[{"count":2,"href":"https:\/\/labestiapolitica.com.mx\/index.php?rest_route=\/wp\/v2\/posts\/56493\/revisions"}],"predecessor-version":[{"id":56496,"href":"https:\/\/labestiapolitica.com.mx\/index.php?rest_route=\/wp\/v2\/posts\/56493\/revisions\/56496"}],"wp:featuredmedia":[{"embeddable":true,"href":"https:\/\/labestiapolitica.com.mx\/index.php?rest_route=\/wp\/v2\/media\/56494"}],"wp:attachment":[{"href":"https:\/\/labestiapolitica.com.mx\/index.php?rest_route=%2Fwp%2Fv2%2Fmedia&parent=56493"}],"wp:term":[{"taxonomy":"category","embeddable":true,"href":"https:\/\/labestiapolitica.com.mx\/index.php?rest_route=%2Fwp%2Fv2%2Fcategories&post=56493"},{"taxonomy":"post_tag","embeddable":true,"href":"https:\/\/labestiapolitica.com.mx\/index.php?rest_route=%2Fwp%2Fv2%2Ftags&post=56493"}],"curies":[{"name":"wp","href":"https:\/\/api.w.org\/{rel}","templated":true}]}}