{"id":56502,"date":"2025-12-10T11:36:23","date_gmt":"2025-12-10T17:36:23","guid":{"rendered":"https:\/\/labestiapolitica.com.mx\/?p=56502"},"modified":"2025-12-10T11:36:41","modified_gmt":"2025-12-10T17:36:41","slug":"niega-sedeco-conflicto-con-camaras-empresariales","status":"publish","type":"post","link":"https:\/\/labestiapolitica.com.mx\/?p=56502","title":{"rendered":"Niega SEDECO conflicto con c\u00e1maras empresariales"},"content":{"rendered":"<p style=\"text-align: justify;\">Fabiola M\u00e1rquez\/\/El secretario de Desarrollo Econ\u00f3mico Javier Marroqu\u00edn Calder\u00f3n se\u00f1al\u00f3 que al inicio de la reciente crisis en el sector automotriz, se registr\u00f3 una afectaci\u00f3n global estimada entre 1,500 y 1,818 millones de d\u00f3lares, cifra que encendi\u00f3 alertas por el impacto en la cadena productiva.<\/p>\n<p style=\"text-align: justify;\">Ante ello, se estableci\u00f3 comunicaci\u00f3n directa con empresas del ramo, a trav\u00e9s de sus \u00e1reas de Relaciones Gubernamentales, con el objetivo de generar una estrategia conjunta que mitigara las p\u00e9rdidas.<\/p>\n<p style=\"text-align: justify;\">La coordinaci\u00f3n involucr\u00f3 de manera activa a la Secretar\u00eda de Gobierno, la Secretar\u00eda de Desarrollo Econ\u00f3mico y otras instancias, lo que permiti\u00f3 reducir gradualmente las afectaciones.<\/p>\n<p style=\"text-align: justify;\">En otros temas, Marroqu\u00edn Calder\u00f3n , se\u00f1al\u00f3 que se logr\u00f3 atender y encauzar el movimiento de campesinos que realizaron una caravana en semanas anteriores, evitando as\u00ed,\u00a0 nuevos cierres carreteros y mayores da\u00f1os econ\u00f3micos. Agreg\u00f3 que de igual forma, el conflicto relacionado con la\u00a0 Ley de Aguas ya fue atendido y no gener\u00f3 afectaciones adicionales.<\/p>\n<p style=\"text-align: justify;\">En cuanto a las versiones sobre presuntos actos de presi\u00f3n o ataques dirigidos por c\u00e1maras de comercio, la Secretar\u00eda de Desarrollo Econ\u00f3mico rechaz\u00f3 haber sostenido confrontaciones con alg\u00fan sector. Explic\u00f3 que, en ocasiones, algunos grupos reciben \u201cl\u00ednea nacional\u201d para emitir cr\u00edticas, pero reiteraron que cualquier se\u00f1alamiento debe estar sustentado en denuncias formales.<\/p>\n<p style=\"text-align: justify;\">Marroqu\u00edn Calder\u00f3n enfatiz\u00f3 que no han recibido reportes oficiales de parte de c\u00e1maras empresariales sobre delitos o actos de hostigamiento; sin embargo, reiter\u00f3 el llamado para que cualquier irregularidad sea informada y denunciada. Garantiz\u00f3 acompa\u00f1amiento institucional en coordinaci\u00f3n con la Fiscal\u00eda del Estado para agilizar los procesos.<\/p>\n<p style=\"text-align: justify;\">El gobierno estatal asegur\u00f3 mantener una relaci\u00f3n s\u00f3lida con todas las c\u00e1maras empresariales, con quienes sostienen reuniones y encuentros constantes, lo que afirm\u00f3 se traduce en resultados positivos para el sector productivo.<\/p>\n","protected":false},"excerpt":{"rendered":"<p>Fabiola M\u00e1rquez\/\/El secretario de Desarrollo Econ\u00f3mico Javier Marroqu\u00edn Calder\u00f3n se\u00f1al\u00f3 que al inicio de la reciente crisis en el sector automotriz, se registr\u00f3 una afectaci\u00f3n global estimada entre 1,500 y 1,818 millones de d\u00f3lares, cifra que encendi\u00f3 alertas por el impacto en la cadena productiva. Ante ello, se estableci\u00f3 comunicaci\u00f3n directa con empresas del ramo, [&hellip;]<\/p>\n","protected":false},"author":3,"featured_media":56503,"comment_status":"open","ping_status":"open","sticky":false,"template":"","format":"standard","meta":{"footnotes":""},"categories":[3,7],"tags":[],"class_list":["post-56502","post","type-post","status-publish","format-standard","has-post-thumbnail","hentry","category-8-columnas","category-ciudadanos"],"amp_enabled":true,"_links":{"self":[{"href":"https:\/\/labestiapolitica.com.mx\/index.php?rest_route=\/wp\/v2\/posts\/56502","targetHints":{"allow":["GET"]}}],"collection":[{"href":"https:\/\/labestiapolitica.com.mx\/index.php?rest_route=\/wp\/v2\/posts"}],"about":[{"href":"https:\/\/labestiapolitica.com.mx\/index.php?rest_route=\/wp\/v2\/types\/post"}],"author":[{"embeddable":true,"href":"https:\/\/labestiapolitica.com.mx\/index.php?rest_route=\/wp\/v2\/users\/3"}],"replies":[{"embeddable":true,"href":"https:\/\/labestiapolitica.com.mx\/index.php?rest_route=%2Fwp%2Fv2%2Fcomments&post=56502"}],"version-history":[{"count":2,"href":"https:\/\/labestiapolitica.com.mx\/index.php?rest_route=\/wp\/v2\/posts\/56502\/revisions"}],"predecessor-version":[{"id":56505,"href":"https:\/\/labestiapolitica.com.mx\/index.php?rest_route=\/wp\/v2\/posts\/56502\/revisions\/56505"}],"wp:featuredmedia":[{"embeddable":true,"href":"https:\/\/labestiapolitica.com.mx\/index.php?rest_route=\/wp\/v2\/media\/56503"}],"wp:attachment":[{"href":"https:\/\/labestiapolitica.com.mx\/index.php?rest_route=%2Fwp%2Fv2%2Fmedia&parent=56502"}],"wp:term":[{"taxonomy":"category","embeddable":true,"href":"https:\/\/labestiapolitica.com.mx\/index.php?rest_route=%2Fwp%2Fv2%2Fcategories&post=56502"},{"taxonomy":"post_tag","embeddable":true,"href":"https:\/\/labestiapolitica.com.mx\/index.php?rest_route=%2Fwp%2Fv2%2Ftags&post=56502"}],"curies":[{"name":"wp","href":"https:\/\/api.w.org\/{rel}","templated":true}]}}