{"id":56514,"date":"2025-12-10T13:52:59","date_gmt":"2025-12-10T19:52:59","guid":{"rendered":"https:\/\/labestiapolitica.com.mx\/?p=56514"},"modified":"2025-12-10T13:53:48","modified_gmt":"2025-12-10T19:53:48","slug":"cedht-concluye-16-dias-de-activismo-con-llamado-a-garantizar-cuidados-dignos","status":"publish","type":"post","link":"https:\/\/labestiapolitica.com.mx\/?p=56514","title":{"rendered":"CEDHT concluye 16 D\u00edas de Activismo con llamado a garantizar cuidados dignos"},"content":{"rendered":"<blockquote>\n<p class=\"p1\" style=\"text-align: justify;\">En el Cierre de Actividades de los 16 D\u00edas de Activismo, la CEDHT Pone el Foco en el Derecho a los Cuidados Dignos<\/p>\n<\/blockquote>\n<p class=\"p1\" style=\"text-align: justify;\"><span class=\"s1\">Mariana LOVERA\/\/ La Comisi\u00f3n Estatal de Derechos Humanos de Tlaxcala (CEDHT) concluy\u00f3 este mi\u00e9rcoles sus actividades en el marco de los \u00ab16 D\u00edas de Activismo contra la Violencia de G\u00e9nero\u00bb, coincidiendo con la conmemoraci\u00f3n del D\u00eda Internacional de los Derechos Humanos, con un llamado a visibilizar y garantizar el derecho a cuidar y a ser cuidado con dignidad, centr\u00e1ndose en dos grupos hist\u00f3ricamente invisibilizados: las personas con discapacidad y las personas cuidadoras.<\/span><\/p>\n<p class=\"p1\" style=\"text-align: justify;\"><span class=\"s1\">La presidenta del organismo, Jaqueline Ord\u00f3\u00f1ez Brasdefer, destac\u00f3 que la campa\u00f1a global, adoptada por la ONU desde 2008, busca sumar voces para prevenir y erradicar la violencia en todas sus formas. Durante 16 d\u00edas, del 25 de noviembre al 10 de diciembre, la CEDHT impuls\u00f3 una agenda diversa de capacitaci\u00f3n y sensibilizaci\u00f3n dirigida a servidores p\u00fablicos, estudiantes, docentes y defensores, sobre las desigualdades que afectan la vida de las mujeres.<\/span><\/p>\n<p class=\"p1\" style=\"text-align: justify;\"><span class=\"s1\">\u201cEste trabajo institucional se sum\u00f3 al de los tres poderes del Estado, municipios y la sociedad civil, logrando sembrar reflexiones que trascienden\u201d, afirm\u00f3 Ord\u00f3\u00f1ez Brasdefer. Subray\u00f3 que, en esta fecha emblem\u00e1tica, se reafirman todos los derechos humanos, pero con \u00e9nfasis especial en quienes enfrentan mayores barreras.<\/span><\/p>\n<p class=\"p1\" style=\"text-align: justify;\"><span class=\"s1\">\u201cConsideramos que no hay derechos humanos plenos si no se garantiza el derecho a cuidar y a ser cuidado con dignidad\u201d, declar\u00f3 la presidenta. Se\u00f1al\u00f3 que el trabajo de cuidados, asumido mayoritariamente por mujeres, suele ser invisible, no remunerado y conlleva una gran carga mental y emocional, sin el reconocimiento o protecci\u00f3n suficientes. \u201cCuidar tambi\u00e9n es un acto de justicia\u201d, a\u00f1adi\u00f3.<\/span><\/p>\n<p class=\"p1\" style=\"text-align: justify;\"><span class=\"s1\">El evento de clausura tuvo como eje la conferencia \u201cDe cuidados, cuidado y trabajo de cuidados\u201d, impartida por la activista y defensora de los derechos de las personas con discapacidad y cuidadoras, Margarita Garfias, quien reflexion\u00f3: \u201cTodas las personas requerimos de cuidados, desde el primer respiro hasta el \u00faltimo suspiro\u201d. Su participaci\u00f3n busc\u00f3 abrir un espacio para el reconocimiento, la empat\u00eda y un compromiso colectivo con quienes realizan esta labor.<\/span><\/p>\n<p class=\"p1\" style=\"text-align: justify;\"><span class=\"s1\">Ord\u00f3\u00f1ez Brasdefer plante\u00f3 preguntas cruciales para la reflexi\u00f3n estatal y social: \u201c\u00bfQui\u00e9n cuida a quienes cuidan? \u00bfQu\u00e9 violencias encuentran las personas que cuidan? \u00bfY qu\u00e9 derechos debemos garantizarles?\u201d. Afirm\u00f3 que la dignidad se construye desde la corresponsabilidad y pol\u00edticas p\u00fablicas que protejan esta labor.<\/span><\/p>\n<p class=\"p1\" style=\"text-align: justify;\"><span class=\"s1\">La presidenta concluy\u00f3 remarcando que el activismo no termina con estos 16 d\u00edas: \u201cLa igualdad, la justicia y la paz se construyen todos los d\u00edas en el presupuesto, en las instituciones que eliminan barreras y en cada acto cotidiano donde elegimos respetar la dignidad\u201d.<\/span><\/p>\n<p class=\"p1\" style=\"text-align: justify;\"><span class=\"s1\">El evento cont\u00f3 con la presencia de autoridades estatales, entre ellas la diputada Maribel Le\u00f3n Cruz, presidenta de la Mesa Directiva del Congreso local; la diputada Lorena Ruiz Garc\u00eda, presidenta de la Comisi\u00f3n de Igualdad de G\u00e9nero; Madai P\u00e9rez Carrillo, presidenta de la Comisi\u00f3n de Movilidad; y la licenciada Mar\u00eda Fernanda Espinosa de los Monteros Cu\u00e9llar, presidenta honor\u00edfica del Comit\u00e9 Consultivo del Bienestar, as\u00ed como integrantes del poder judicial.<\/span><\/p>\n","protected":false},"excerpt":{"rendered":"<p>En el Cierre de Actividades de los 16 D\u00edas de Activismo, la CEDHT Pone el Foco en el Derecho a los Cuidados Dignos Mariana LOVERA\/\/ La Comisi\u00f3n Estatal de Derechos Humanos de Tlaxcala (CEDHT) concluy\u00f3 este mi\u00e9rcoles sus actividades en el marco de los \u00ab16 D\u00edas de Activismo contra la Violencia de G\u00e9nero\u00bb, coincidiendo con [&hellip;]<\/p>\n","protected":false},"author":6,"featured_media":56515,"comment_status":"open","ping_status":"open","sticky":false,"template":"","format":"standard","meta":{"footnotes":""},"categories":[3,7],"tags":[],"class_list":["post-56514","post","type-post","status-publish","format-standard","has-post-thumbnail","hentry","category-8-columnas","category-ciudadanos"],"amp_enabled":true,"_links":{"self":[{"href":"https:\/\/labestiapolitica.com.mx\/index.php?rest_route=\/wp\/v2\/posts\/56514","targetHints":{"allow":["GET"]}}],"collection":[{"href":"https:\/\/labestiapolitica.com.mx\/index.php?rest_route=\/wp\/v2\/posts"}],"about":[{"href":"https:\/\/labestiapolitica.com.mx\/index.php?rest_route=\/wp\/v2\/types\/post"}],"author":[{"embeddable":true,"href":"https:\/\/labestiapolitica.com.mx\/index.php?rest_route=\/wp\/v2\/users\/6"}],"replies":[{"embeddable":true,"href":"https:\/\/labestiapolitica.com.mx\/index.php?rest_route=%2Fwp%2Fv2%2Fcomments&post=56514"}],"version-history":[{"count":2,"href":"https:\/\/labestiapolitica.com.mx\/index.php?rest_route=\/wp\/v2\/posts\/56514\/revisions"}],"predecessor-version":[{"id":56517,"href":"https:\/\/labestiapolitica.com.mx\/index.php?rest_route=\/wp\/v2\/posts\/56514\/revisions\/56517"}],"wp:featuredmedia":[{"embeddable":true,"href":"https:\/\/labestiapolitica.com.mx\/index.php?rest_route=\/wp\/v2\/media\/56515"}],"wp:attachment":[{"href":"https:\/\/labestiapolitica.com.mx\/index.php?rest_route=%2Fwp%2Fv2%2Fmedia&parent=56514"}],"wp:term":[{"taxonomy":"category","embeddable":true,"href":"https:\/\/labestiapolitica.com.mx\/index.php?rest_route=%2Fwp%2Fv2%2Fcategories&post=56514"},{"taxonomy":"post_tag","embeddable":true,"href":"https:\/\/labestiapolitica.com.mx\/index.php?rest_route=%2Fwp%2Fv2%2Ftags&post=56514"}],"curies":[{"name":"wp","href":"https:\/\/api.w.org\/{rel}","templated":true}]}}