{"id":56530,"date":"2025-12-10T17:05:14","date_gmt":"2025-12-10T23:05:14","guid":{"rendered":"https:\/\/labestiapolitica.com.mx\/?p=56530"},"modified":"2025-12-10T17:05:14","modified_gmt":"2025-12-10T23:05:14","slug":"javier-rivera-participa-en-reunion-nacional-de-seguridad-encabezada-por-omar-garcia-harfuch","status":"publish","type":"post","link":"https:\/\/labestiapolitica.com.mx\/?p=56530","title":{"rendered":"Javier Rivera participa en reuni\u00f3n nacional de seguridad encabezada por Omar Garc\u00eda Harfuch."},"content":{"rendered":"<ul>\n<li>El Ayuntamiento de Apizaco apuesta por la coordinaci\u00f3n institucional como eje central para garantizar paz y seguridad a las familias.<\/li>\n<\/ul>\n<p>El presidente municipal de Apizaco, Javier Rivera Bonilla, particip\u00f3 en la Primera Asamblea Plenaria Ordinaria 2025 de la Conferencia Nacional de Seguridad P\u00fablica Municipal, encabezada por el titular de la Secretar\u00eda de Seguridad y Protecci\u00f3n Ciudadana (SSPC), Omar Garc\u00eda Harfuch.<\/p>\n<p>El encuentro reuni\u00f3 a decenas de autoridades municipales de todo el pa\u00eds con el objetivo de impulsar estrategias de seguridad p\u00fablica que fortalezcan la paz y el desarrollo en los municipios.<\/p>\n<p>Durante la Asamblea, se abordaron temas fundamentales como el marco normativo del Sistema Nacional de Seguridad P\u00fablica (SNSP) y el plan de trabajo del Consejo Nacional de Seguridad P\u00fablica Municipal (CNSPM) 2025-2030.<\/p>\n<p>El alcalde Rivera Bonilla sostuvo que el Ayuntamiento de Apizaco reitera su compromiso de consolidar una coordinaci\u00f3n estrecha con los tres \u00f3rdenes de gobierno, para lograr resultados palpables en materia de seguridad que beneficien directamente a las familias del municipio.<\/p>\n<p>Con esta participaci\u00f3n, Apizaco refrenda su apuesta por la colaboraci\u00f3n institucional, el respeto al marco jur\u00eddico nacional y la profesionalizaci\u00f3n de sus cuerpos de seguridad bajo los lineamientos que definen la nueva estrategia nacional.<\/p>\n<p>Finalmente, en el marco de esta estrategia, el presidente municipal, Javier Rivera Bonilla, record\u00f3 que para el pr\u00f3ximo a\u00f1o se destinar\u00e1n m\u00e1s de 12 millones de pesos para fortalecer la seguridad p\u00fablica local mediante tecnolog\u00eda, equipamiento, vigilancia y mejoras operativas.<\/p>\n","protected":false},"excerpt":{"rendered":"<p>El Ayuntamiento de Apizaco apuesta por la coordinaci\u00f3n institucional como eje central para garantizar paz y seguridad a las familias. El presidente municipal de Apizaco, Javier Rivera Bonilla, particip\u00f3 en la Primera Asamblea Plenaria Ordinaria 2025 de la Conferencia Nacional de Seguridad P\u00fablica Municipal, encabezada por el titular de la Secretar\u00eda de Seguridad y Protecci\u00f3n [&hellip;]<\/p>\n","protected":false},"author":5,"featured_media":56531,"comment_status":"open","ping_status":"open","sticky":false,"template":"","format":"standard","meta":{"footnotes":""},"categories":[226,7,216],"tags":[],"class_list":["post-56530","post","type-post","status-publish","format-standard","has-post-thumbnail","hentry","category-apizaco","category-ciudadanos","category-municipios"],"amp_enabled":true,"_links":{"self":[{"href":"https:\/\/labestiapolitica.com.mx\/index.php?rest_route=\/wp\/v2\/posts\/56530","targetHints":{"allow":["GET"]}}],"collection":[{"href":"https:\/\/labestiapolitica.com.mx\/index.php?rest_route=\/wp\/v2\/posts"}],"about":[{"href":"https:\/\/labestiapolitica.com.mx\/index.php?rest_route=\/wp\/v2\/types\/post"}],"author":[{"embeddable":true,"href":"https:\/\/labestiapolitica.com.mx\/index.php?rest_route=\/wp\/v2\/users\/5"}],"replies":[{"embeddable":true,"href":"https:\/\/labestiapolitica.com.mx\/index.php?rest_route=%2Fwp%2Fv2%2Fcomments&post=56530"}],"version-history":[{"count":1,"href":"https:\/\/labestiapolitica.com.mx\/index.php?rest_route=\/wp\/v2\/posts\/56530\/revisions"}],"predecessor-version":[{"id":56532,"href":"https:\/\/labestiapolitica.com.mx\/index.php?rest_route=\/wp\/v2\/posts\/56530\/revisions\/56532"}],"wp:featuredmedia":[{"embeddable":true,"href":"https:\/\/labestiapolitica.com.mx\/index.php?rest_route=\/wp\/v2\/media\/56531"}],"wp:attachment":[{"href":"https:\/\/labestiapolitica.com.mx\/index.php?rest_route=%2Fwp%2Fv2%2Fmedia&parent=56530"}],"wp:term":[{"taxonomy":"category","embeddable":true,"href":"https:\/\/labestiapolitica.com.mx\/index.php?rest_route=%2Fwp%2Fv2%2Fcategories&post=56530"},{"taxonomy":"post_tag","embeddable":true,"href":"https:\/\/labestiapolitica.com.mx\/index.php?rest_route=%2Fwp%2Fv2%2Ftags&post=56530"}],"curies":[{"name":"wp","href":"https:\/\/api.w.org\/{rel}","templated":true}]}}