{"id":56546,"date":"2025-12-10T18:14:33","date_gmt":"2025-12-11T00:14:33","guid":{"rendered":"https:\/\/labestiapolitica.com.mx\/?p=56546"},"modified":"2025-12-10T18:14:33","modified_gmt":"2025-12-11T00:14:33","slug":"concluye-la-penultima-caravana-de-salud-y-servicios-del-ayuntamiento-de-huamantla-2025-en-la-colonia-mauro-angulo","status":"publish","type":"post","link":"https:\/\/labestiapolitica.com.mx\/?p=56546","title":{"rendered":"Concluye la pen\u00faltima Caravana de Salud y Servicios del Ayuntamiento de Huamantla 2025 en la colonia Mauro Angulo."},"content":{"rendered":"<p style=\"text-align: justify;\">Tras un a\u00f1o de trabajo constante y cercano con las familias huamantlecas, el Sistema Municipal para el Desarrollo Integral de la Familia (SMDIF) Huamantla, en coordinaci\u00f3n con diversas \u00e1reas del Ayuntamiento, llev\u00f3 a cabo la pen\u00faltima Caravana de Salud y Servicios del Ayuntamiento 2025 en la Colonia Mauro Angulo, como parte del recorrido anual por las comunidades del municipio.<\/p>\n<p style=\"text-align: justify;\">Estas jornadas, impulsadas por el Gobierno Municipal que encabeza Salvador Santos Cedillo, se han realizado de manera continua durante todo el 2025, con el prop\u00f3sito de acercar servicios prioritarios a cada colonia, comunidad y barrio, fortaleciendo la atenci\u00f3n directa y la presencia institucional en el territorio.<\/p>\n<p style=\"text-align: justify;\">En esta edici\u00f3n, aproximadamente 50 ciudadanas y ciudadanos recibieron atenci\u00f3n m\u00e9dica, social y de apoyo especializado. Entre los servicios m\u00e1s solicitados destacaron la entrega de lentes graduados con alrededor de 20 atenciones, consulta m\u00e9dica general y dental con m\u00e1s de 15 atenciones.<\/p>\n<p style=\"text-align: justify;\">A su vez, resaltaron los servicios de la Cl\u00ednica Biof\u00edlica \u2014esterilizaci\u00f3n y orientaci\u00f3n preventiva\u2014 con 10 intervenciones, as\u00ed como orientaci\u00f3n social, registro y canalizaci\u00f3n con 5 atenciones.<\/p>\n<p style=\"text-align: justify;\">Esta jornada representa la pen\u00faltima intervenci\u00f3n del a\u00f1o dentro de esta estrategia comunitaria, que ha permitido identificar necesidades, dar seguimiento a casos prioritarios y fortalecer el acceso a servicios esenciales sin que las familias tengan que desplazarse largas distancias.<\/p>\n<p style=\"text-align: justify;\">El Gobierno Municipal de Huamantla, presidido por Salvador Santos Cedillo, reafirma su compromiso de continuar trabajando por el bienestar de las familias y anuncia que ma\u00f1ana jueves 11 de diciembre se llevar\u00e1 a cabo la \u00faltima Caravana de Salud y Servicios del a\u00f1o en la comunidad de Ignacio Zaragoza, con la que se cerrar\u00e1 este ciclo de atenci\u00f3n territorial.<\/p>\n","protected":false},"excerpt":{"rendered":"<p>Tras un a\u00f1o de trabajo constante y cercano con las familias huamantlecas, el Sistema Municipal para el Desarrollo Integral de la Familia (SMDIF) Huamantla, en coordinaci\u00f3n con diversas \u00e1reas del Ayuntamiento, llev\u00f3 a cabo la pen\u00faltima Caravana de Salud y Servicios del Ayuntamiento 2025 en la Colonia Mauro Angulo, como parte del recorrido anual por [&hellip;]<\/p>\n","protected":false},"author":5,"featured_media":56547,"comment_status":"open","ping_status":"open","sticky":false,"template":"","format":"standard","meta":{"footnotes":""},"categories":[7,216],"tags":[],"class_list":["post-56546","post","type-post","status-publish","format-standard","has-post-thumbnail","hentry","category-ciudadanos","category-municipios"],"amp_enabled":true,"_links":{"self":[{"href":"https:\/\/labestiapolitica.com.mx\/index.php?rest_route=\/wp\/v2\/posts\/56546","targetHints":{"allow":["GET"]}}],"collection":[{"href":"https:\/\/labestiapolitica.com.mx\/index.php?rest_route=\/wp\/v2\/posts"}],"about":[{"href":"https:\/\/labestiapolitica.com.mx\/index.php?rest_route=\/wp\/v2\/types\/post"}],"author":[{"embeddable":true,"href":"https:\/\/labestiapolitica.com.mx\/index.php?rest_route=\/wp\/v2\/users\/5"}],"replies":[{"embeddable":true,"href":"https:\/\/labestiapolitica.com.mx\/index.php?rest_route=%2Fwp%2Fv2%2Fcomments&post=56546"}],"version-history":[{"count":1,"href":"https:\/\/labestiapolitica.com.mx\/index.php?rest_route=\/wp\/v2\/posts\/56546\/revisions"}],"predecessor-version":[{"id":56548,"href":"https:\/\/labestiapolitica.com.mx\/index.php?rest_route=\/wp\/v2\/posts\/56546\/revisions\/56548"}],"wp:featuredmedia":[{"embeddable":true,"href":"https:\/\/labestiapolitica.com.mx\/index.php?rest_route=\/wp\/v2\/media\/56547"}],"wp:attachment":[{"href":"https:\/\/labestiapolitica.com.mx\/index.php?rest_route=%2Fwp%2Fv2%2Fmedia&parent=56546"}],"wp:term":[{"taxonomy":"category","embeddable":true,"href":"https:\/\/labestiapolitica.com.mx\/index.php?rest_route=%2Fwp%2Fv2%2Fcategories&post=56546"},{"taxonomy":"post_tag","embeddable":true,"href":"https:\/\/labestiapolitica.com.mx\/index.php?rest_route=%2Fwp%2Fv2%2Ftags&post=56546"}],"curies":[{"name":"wp","href":"https:\/\/api.w.org\/{rel}","templated":true}]}}