{"id":56549,"date":"2025-12-10T18:21:06","date_gmt":"2025-12-11T00:21:06","guid":{"rendered":"https:\/\/labestiapolitica.com.mx\/?p=56549"},"modified":"2025-12-10T18:21:06","modified_gmt":"2025-12-11T00:21:06","slug":"ana-lucia-arce-luna-primera-alcaldesa-indigena-de-spm-rinde-su-primer-informe","status":"publish","type":"post","link":"https:\/\/labestiapolitica.com.mx\/?p=56549","title":{"rendered":"Ana Luc\u00eda Arce Luna, primera alcaldesa ind\u00edgena de SPM, rinde su primer informe."},"content":{"rendered":"<p style=\"text-align: justify;\">Mariana LOVERA | Con un discurso que honr\u00f3 sus ra\u00edces y su hist\u00f3rica elecci\u00f3n, Ana Luc\u00eda Arce Luna, primera mujer de origen ind\u00edgena en asumir la presidencia municipal de San Pablo del Monte, present\u00f3 este mi\u00e9rcoles su primer informe de actividades. El evento cont\u00f3 con la representaci\u00f3n de la gobernadora Lorena Cu\u00e9llar Cisneros, a trav\u00e9s de Blas Marvin Mora Olvera, director general del CECyTE-EMSaD Tlaxcala.<\/p>\n<p style=\"text-align: justify;\">Desde el inicio de su intervenci\u00f3n, la alcaldesa hizo un reconocimiento emotivo y especial a los pueblos originarios del municipio. \u201cPara m\u00ed representa un gran honor ser la primera presidenta municipal de origen ind\u00edgena\u201d, afirm\u00f3 Arce Luna, dirigiendo un saludo \u201ccon especial cari\u00f1o y aprecio\u201d a las comunidades ind\u00edgenas locales. Su discurso enmarc\u00f3 su gesti\u00f3n no solo como una administraci\u00f3n, sino como un s\u00edmbolo de representaci\u00f3n y respeto a la identidad de San Pablo del Monte.<\/p>\n<p style=\"text-align: justify;\">La edil describi\u00f3 el municipio que recibi\u00f3 hace un a\u00f1o: con graves deficiencias administrativas, parque vehicular en condiciones \u201cpr\u00e1cticamente inutilizadas\u201d y una percepci\u00f3n de caos. Frente a este escenario, una de sus primeras acciones fue la elaboraci\u00f3n participativa del Plan Municipal de Desarrollo 2024-2027, el primero en la historia del municipio construido a trav\u00e9s de foros ciudadanos.<\/p>\n<p style=\"text-align: justify;\">Uno de los ejes m\u00e1s destacados fue la seguridad p\u00fablica. Arce Luna report\u00f3 una inversi\u00f3n total de m\u00e1s de 11.9 millones de pesos para equipar y profesionalizar a la Polic\u00eda Municipal. Esto incluy\u00f3 la adquisici\u00f3n de 8 patrullas nuevas y 4 motopatrullas, as\u00ed como equipamiento t\u00e1ctico, capacitaci\u00f3n y la rehabilitaci\u00f3n de veh\u00edculos. \u201cUna inversi\u00f3n hist\u00f3rica para salvaguardar a nuestras familias\u201d, sostuvo.<\/p>\n<p style=\"text-align: justify;\">Uno de los logros t\u00e9cnicos m\u00e1s relevantes fue la recuperaci\u00f3n y certificaci\u00f3n del 100% de los pozos de agua potable del municipio. Tras detectar que 13 de los 16 pozos estaban en estado deplorable, sin mantenimiento y con riesgos para la salud p\u00fablica, su administraci\u00f3n los rehabilit\u00f3 en su totalidad, cumpliendo con la normativa de COEPRIST. Tambi\u00e9n destac\u00f3 la plantaci\u00f3n de m\u00e1s de 35,000 \u00e1rboles y la creaci\u00f3n de la primera unidad de bienestar animal municipal.<\/p>\n<p style=\"text-align: justify;\">Anunci\u00f3 el avance de obras viales de gran impacto, como la ampliaci\u00f3n de la carretera San Isidro Buensuceso. Adem\u00e1s, inform\u00f3 de m\u00e1s de 28.1 millones de pesos invertidos en 31 obras p\u00fablicas mediante programas como FAIS y recursos propios.<\/p>\n<p style=\"text-align: justify;\">La alcaldesa subray\u00f3 que la recaudaci\u00f3n de impuesto predial se duplic\u00f3 en comparaci\u00f3n con administraciones anteriores, lo que atribuy\u00f3 a la confianza ciudadana en un gobierno \u201ctransparente y honesto\u201d. Asimismo, destac\u00f3 la integraci\u00f3n de un gabinete paritario y la prioridad dada a la atenci\u00f3n a mujeres v\u00edctimas de violenciaa trav\u00e9s del Instituto Municipal de la Mujer.<\/p>\n<p style=\"text-align: justify;\">\u201cSan Pablo del Monte es hoy un orgullo y representa respeto tambi\u00e9n de nuestros or\u00edgenes\u201d, concluy\u00f3 Arce Luna, agradeciendo el respaldo de la ciudadan\u00eda y reafirmando su compromiso con un desarrollo incluyente y asequible para todos. El informe cerr\u00f3 con la proyecci\u00f3n de un video que resume los logros de su primer a\u00f1o al frente del municipio, marcado por su identidad ind\u00edgena y su promesa de transformaci\u00f3n.<\/p>\n","protected":false},"excerpt":{"rendered":"<p>Mariana LOVERA | Con un discurso que honr\u00f3 sus ra\u00edces y su hist\u00f3rica elecci\u00f3n, Ana Luc\u00eda Arce Luna, primera mujer de origen ind\u00edgena en asumir la presidencia municipal de San Pablo del Monte, present\u00f3 este mi\u00e9rcoles su primer informe de actividades. El evento cont\u00f3 con la representaci\u00f3n de la gobernadora Lorena Cu\u00e9llar Cisneros, a trav\u00e9s [&hellip;]<\/p>\n","protected":false},"author":6,"featured_media":56550,"comment_status":"open","ping_status":"open","sticky":false,"template":"","format":"standard","meta":{"footnotes":""},"categories":[7,216,223],"tags":[],"class_list":["post-56549","post","type-post","status-publish","format-standard","has-post-thumbnail","hentry","category-ciudadanos","category-municipios","category-san-pablo-del-monte"],"amp_enabled":true,"_links":{"self":[{"href":"https:\/\/labestiapolitica.com.mx\/index.php?rest_route=\/wp\/v2\/posts\/56549","targetHints":{"allow":["GET"]}}],"collection":[{"href":"https:\/\/labestiapolitica.com.mx\/index.php?rest_route=\/wp\/v2\/posts"}],"about":[{"href":"https:\/\/labestiapolitica.com.mx\/index.php?rest_route=\/wp\/v2\/types\/post"}],"author":[{"embeddable":true,"href":"https:\/\/labestiapolitica.com.mx\/index.php?rest_route=\/wp\/v2\/users\/6"}],"replies":[{"embeddable":true,"href":"https:\/\/labestiapolitica.com.mx\/index.php?rest_route=%2Fwp%2Fv2%2Fcomments&post=56549"}],"version-history":[{"count":1,"href":"https:\/\/labestiapolitica.com.mx\/index.php?rest_route=\/wp\/v2\/posts\/56549\/revisions"}],"predecessor-version":[{"id":56551,"href":"https:\/\/labestiapolitica.com.mx\/index.php?rest_route=\/wp\/v2\/posts\/56549\/revisions\/56551"}],"wp:featuredmedia":[{"embeddable":true,"href":"https:\/\/labestiapolitica.com.mx\/index.php?rest_route=\/wp\/v2\/media\/56550"}],"wp:attachment":[{"href":"https:\/\/labestiapolitica.com.mx\/index.php?rest_route=%2Fwp%2Fv2%2Fmedia&parent=56549"}],"wp:term":[{"taxonomy":"category","embeddable":true,"href":"https:\/\/labestiapolitica.com.mx\/index.php?rest_route=%2Fwp%2Fv2%2Fcategories&post=56549"},{"taxonomy":"post_tag","embeddable":true,"href":"https:\/\/labestiapolitica.com.mx\/index.php?rest_route=%2Fwp%2Fv2%2Ftags&post=56549"}],"curies":[{"name":"wp","href":"https:\/\/api.w.org\/{rel}","templated":true}]}}