{"id":56552,"date":"2025-12-10T18:24:36","date_gmt":"2025-12-11T00:24:36","guid":{"rendered":"https:\/\/labestiapolitica.com.mx\/?p=56552"},"modified":"2025-12-10T18:24:44","modified_gmt":"2025-12-11T00:24:44","slug":"es-necesario-reconocer-los-derechos-de-las-personas-cuidadoras-a-traves-de-politicas-publicas-efectivas","status":"publish","type":"post","link":"https:\/\/labestiapolitica.com.mx\/?p=56552","title":{"rendered":"\u201cEs necesario reconocer los derechos de las personas cuidadoras a trav\u00e9s de pol\u00edticas p\u00fablicas efectivas\u201d."},"content":{"rendered":"<ul>\n<li style=\"text-align: justify;\"><em>Conmemor\u00f3 CEDHT el D\u00eda Internacional de los Derechos Humanos y concluye las actividades de los 16 d\u00edas de Activismo contra la violencia de g\u00e9nero<\/em><\/li>\n<\/ul>\n<p style=\"text-align: justify;\">La activista y conferencista Margarita Garfias disert\u00f3 la conferencia \u201cDe cuidados, cuidado y trabajo de cuidados\u201d, en la que reflexion\u00f3 y expuso la necesidad de que en la sociedad se reconozca y se trabaje, desde diversos frentes, en favor de los derechos de las personas cuidadoras, para que cuenten con pol\u00edticas p\u00fablicas efectivas.<\/p>\n<p style=\"text-align: justify;\">Su disertaci\u00f3n fue en el marco de la conmemoraci\u00f3n del D\u00eda Internacional de los Derechos Humanos y la conclusi\u00f3n de la campa\u00f1a global \u00daNETE, de la Organizaci\u00f3n de las Naciones Unidas (ONU), como parte de los 16 D\u00edas de Activismo para poner fin a la violencia de g\u00e9nero, eventos organizados por la Comisi\u00f3n Estatal de Derechos Humanos de Tlaxcala (CEDHT).<\/p>\n<p style=\"text-align: justify;\">En su conferencia, Margarita Garfias refiri\u00f3 que \u201ctodas las personas requerimos de cuidados, desde el primer respiro hasta el \u00faltimo suspiro\u201d y habl\u00f3 de lo qu\u00e9 son los cuidados, qu\u00e9 es el cuidado, los tipos de cuidados, los trabajos de cuidados en M\u00e9xico y el contexto en el pa\u00eds de estas actividades que son, mayormente, realizadas por mujeres y, en muchos casos, sin remuneraci\u00f3n, as\u00ed como de las consecuencias sociales de la sobrecarga del trabajo no remunerado, entre otros temas.<\/p>\n<p style=\"text-align: justify;\">En su intervenci\u00f3n, la presidenta de la CEDHT, Jakqueline Ordo\u00f1ez Brasdefer, detall\u00f3 las diferentes actividades que realiz\u00f3 el organismo aut\u00f3nomo durante los 16 D\u00edas d Activismo, integradas en una agenda amplia y diversa orientada a sensibilizar, formar y dialogar sobre desigualdades que siguen afectando profundamente la vida de mujeres y ni\u00f1as.<\/p>\n<p style=\"text-align: justify;\">La Ombudsperson refiri\u00f3 que en la conmemoraci\u00f3n del D\u00eda de los Derechos Humanos se recuerda el principio que sostiene \u201ctodas nuestras luchas: todas las personas, sin excepci\u00f3n, nacen libres e iguales en dignidad y derechos\u201d.<\/p>\n<p style=\"text-align: justify;\">Y acot\u00f3 que en esta ocasi\u00f3n se acentu\u00f3 el trabajo para dos grupos hist\u00f3ricamente invisibilizados: las personas con discapacidad y las personas cuidadoras, \u201cporque cuidar es un acto de justicia y muchas veces es un trabajo invisibilizado\u201d.<\/p>\n<p style=\"text-align: justify;\">En este evento estuvo presente Mar\u00eda Fernanda Espinosa de los Monteros Cu\u00e9llar, presidenta Honor\u00edfica del Comit\u00e9 Consultivo de Bienestar y Desarrollo Social del Estado de Tlaxcala, quien destac\u00f3 el papel de las personas cuidadoras \u201cquien hacen un trabajo profundamente humano que debe reconocerse y protegerse.<\/p>\n<p style=\"text-align: justify;\">Asimismo, las diputadas locales Lorena Ru\u00edz Garc\u00eda y Mada\u00ed P\u00e9rez Carrillo, reflexionaron en torno a la necesidad de legislar para que el trabajo de cuidados y los derechos de las personas cuidadoras sean respetados y garantizados.<\/p>\n<p style=\"text-align: justify;\">Al evento asistieron magistradas, magistrados, personas servidoras p\u00fablicas, personas con discapacidad y de la poblaci\u00f3n diversa, as\u00ed como defensoras y defensores de derechos humanos.<\/p>\n","protected":false},"excerpt":{"rendered":"<p>Conmemor\u00f3 CEDHT el D\u00eda Internacional de los Derechos Humanos y concluye las actividades de los 16 d\u00edas de Activismo contra la violencia de g\u00e9nero La activista y conferencista Margarita Garfias disert\u00f3 la conferencia \u201cDe cuidados, cuidado y trabajo de cuidados\u201d, en la que reflexion\u00f3 y expuso la necesidad de que en la sociedad se reconozca [&hellip;]<\/p>\n","protected":false},"author":5,"featured_media":56553,"comment_status":"open","ping_status":"open","sticky":false,"template":"","format":"standard","meta":{"footnotes":""},"categories":[232],"tags":[],"class_list":["post-56552","post","type-post","status-publish","format-standard","has-post-thumbnail","hentry","category-derechos-humanos-tlaxcala"],"amp_enabled":true,"_links":{"self":[{"href":"https:\/\/labestiapolitica.com.mx\/index.php?rest_route=\/wp\/v2\/posts\/56552","targetHints":{"allow":["GET"]}}],"collection":[{"href":"https:\/\/labestiapolitica.com.mx\/index.php?rest_route=\/wp\/v2\/posts"}],"about":[{"href":"https:\/\/labestiapolitica.com.mx\/index.php?rest_route=\/wp\/v2\/types\/post"}],"author":[{"embeddable":true,"href":"https:\/\/labestiapolitica.com.mx\/index.php?rest_route=\/wp\/v2\/users\/5"}],"replies":[{"embeddable":true,"href":"https:\/\/labestiapolitica.com.mx\/index.php?rest_route=%2Fwp%2Fv2%2Fcomments&post=56552"}],"version-history":[{"count":1,"href":"https:\/\/labestiapolitica.com.mx\/index.php?rest_route=\/wp\/v2\/posts\/56552\/revisions"}],"predecessor-version":[{"id":56554,"href":"https:\/\/labestiapolitica.com.mx\/index.php?rest_route=\/wp\/v2\/posts\/56552\/revisions\/56554"}],"wp:featuredmedia":[{"embeddable":true,"href":"https:\/\/labestiapolitica.com.mx\/index.php?rest_route=\/wp\/v2\/media\/56553"}],"wp:attachment":[{"href":"https:\/\/labestiapolitica.com.mx\/index.php?rest_route=%2Fwp%2Fv2%2Fmedia&parent=56552"}],"wp:term":[{"taxonomy":"category","embeddable":true,"href":"https:\/\/labestiapolitica.com.mx\/index.php?rest_route=%2Fwp%2Fv2%2Fcategories&post=56552"},{"taxonomy":"post_tag","embeddable":true,"href":"https:\/\/labestiapolitica.com.mx\/index.php?rest_route=%2Fwp%2Fv2%2Ftags&post=56552"}],"curies":[{"name":"wp","href":"https:\/\/api.w.org\/{rel}","templated":true}]}}