{"id":56556,"date":"2025-12-10T19:33:29","date_gmt":"2025-12-11T01:33:29","guid":{"rendered":"https:\/\/labestiapolitica.com.mx\/?p=56556"},"modified":"2025-12-10T19:33:29","modified_gmt":"2025-12-11T01:33:29","slug":"ayuntamiento-de-tlaxcala-informa-cambio-de-fecha-del-concurso-municipal-de-nacimientos-navidenos-2025","status":"publish","type":"post","link":"https:\/\/labestiapolitica.com.mx\/?p=56556","title":{"rendered":"Ayuntamiento de Tlaxcala informa cambio de fecha del Concurso Municipal de Nacimientos Navide\u00f1os 2025."},"content":{"rendered":"<ul>\n<li style=\"text-align: justify;\">Por cuestiones clim\u00e1ticas y log\u00edsticas ser\u00e1n instalados el mi\u00e9rcoles 17 de diciembre en la Plaza de la Constituci\u00f3n<\/li>\n<\/ul>\n<p style=\"text-align: justify;\">El Ayuntamiento de Tlaxcala informa que, debido a cuestiones clim\u00e1ticas y log\u00edsticas, el Concurso Municipal de Nacimientos Navide\u00f1os 2025, originalmente programado para el 10 de diciembre, se pospone para el mi\u00e9rcoles 17, fecha en la que las piezas participantes ser\u00e1n instaladas en la Plaza de la Constituci\u00f3n.<\/p>\n<p style=\"text-align: justify;\">Esta es una iniciativa impulsada por el gobierno municipal para celebrar la creatividad tlaxcalteca y fortalecer la convivencia en esta temporada decembrina.<\/p>\n<p style=\"text-align: justify;\">El certamen reunir\u00e1 a familias, instituciones educativas, parroquias, asociaciones civiles y comercios locales, quienes presentar\u00e1n nacimientos artesanales que reflejen el esp\u00edritu de paz, esperanza y uni\u00f3n familiar caracter\u00edstico de la Navidad.<\/p>\n<p style=\"text-align: justify;\">El d\u00eda del concurso, a las 17:30 horas, los nacimientos ser\u00e1n evaluados por un jurado integrado por especialistas en arte y tradiciones locales, quienes valorar\u00e1n la creatividad, presentaci\u00f3n, iluminaci\u00f3n, detalles art\u00edsticos y sustentabilidad de cada pieza.<\/p>\n<p style=\"text-align: justify;\">Con esta invitaci\u00f3n, el Gobierno Municipal de Tlaxcala impulsa actividades que unen, inspiran y celebran lo mejor de nuestras tradiciones, e invita a todas y todos a disfrutar de la creatividad de los participantes.<\/p>\n","protected":false},"excerpt":{"rendered":"<p>Por cuestiones clim\u00e1ticas y log\u00edsticas ser\u00e1n instalados el mi\u00e9rcoles 17 de diciembre en la Plaza de la Constituci\u00f3n El Ayuntamiento de Tlaxcala informa que, debido a cuestiones clim\u00e1ticas y log\u00edsticas, el Concurso Municipal de Nacimientos Navide\u00f1os 2025, originalmente programado para el 10 de diciembre, se pospone para el mi\u00e9rcoles 17, fecha en la que las [&hellip;]<\/p>\n","protected":false},"author":5,"featured_media":56557,"comment_status":"open","ping_status":"open","sticky":false,"template":"","format":"standard","meta":{"footnotes":""},"categories":[7,216,214],"tags":[],"class_list":["post-56556","post","type-post","status-publish","format-standard","has-post-thumbnail","hentry","category-ciudadanos","category-municipios","category-tlaxcala-capital"],"amp_enabled":true,"_links":{"self":[{"href":"https:\/\/labestiapolitica.com.mx\/index.php?rest_route=\/wp\/v2\/posts\/56556","targetHints":{"allow":["GET"]}}],"collection":[{"href":"https:\/\/labestiapolitica.com.mx\/index.php?rest_route=\/wp\/v2\/posts"}],"about":[{"href":"https:\/\/labestiapolitica.com.mx\/index.php?rest_route=\/wp\/v2\/types\/post"}],"author":[{"embeddable":true,"href":"https:\/\/labestiapolitica.com.mx\/index.php?rest_route=\/wp\/v2\/users\/5"}],"replies":[{"embeddable":true,"href":"https:\/\/labestiapolitica.com.mx\/index.php?rest_route=%2Fwp%2Fv2%2Fcomments&post=56556"}],"version-history":[{"count":1,"href":"https:\/\/labestiapolitica.com.mx\/index.php?rest_route=\/wp\/v2\/posts\/56556\/revisions"}],"predecessor-version":[{"id":56558,"href":"https:\/\/labestiapolitica.com.mx\/index.php?rest_route=\/wp\/v2\/posts\/56556\/revisions\/56558"}],"wp:featuredmedia":[{"embeddable":true,"href":"https:\/\/labestiapolitica.com.mx\/index.php?rest_route=\/wp\/v2\/media\/56557"}],"wp:attachment":[{"href":"https:\/\/labestiapolitica.com.mx\/index.php?rest_route=%2Fwp%2Fv2%2Fmedia&parent=56556"}],"wp:term":[{"taxonomy":"category","embeddable":true,"href":"https:\/\/labestiapolitica.com.mx\/index.php?rest_route=%2Fwp%2Fv2%2Fcategories&post=56556"},{"taxonomy":"post_tag","embeddable":true,"href":"https:\/\/labestiapolitica.com.mx\/index.php?rest_route=%2Fwp%2Fv2%2Ftags&post=56556"}],"curies":[{"name":"wp","href":"https:\/\/api.w.org\/{rel}","templated":true}]}}