{"id":56563,"date":"2025-12-10T20:13:32","date_gmt":"2025-12-11T02:13:32","guid":{"rendered":"https:\/\/labestiapolitica.com.mx\/?p=56563"},"modified":"2025-12-10T20:13:32","modified_gmt":"2025-12-11T02:13:32","slug":"gobierno-municipal-de-tlaxcala-cierra-los-16-dias-de-activismo-y-reconoce-el-trabajo-de-las-mujeres","status":"publish","type":"post","link":"https:\/\/labestiapolitica.com.mx\/?p=56563","title":{"rendered":"Gobierno Municipal de Tlaxcala cierra los 16 D\u00edas de Activismo y reconoce el trabajo de las mujeres."},"content":{"rendered":"<p style=\"text-align: justify;\">El Gobierno Municipal de Tlaxcala, que encabeza Alfonso S\u00e1nchez Garc\u00eda, a trav\u00e9s del Instituto Municipal de la Mujer, llev\u00f3 a cabo la clausura de los talleres y cursos impartidos durante el a\u00f1o 2025, as\u00ed como el cierre de los 16 D\u00edas de Activismo para la Eliminaci\u00f3n de la Violencia Contra la Mujer.<\/p>\n<p style=\"text-align: justify;\">El acto tuvo lugar en el Teatro Xicoht\u00e9ncatl, donde se congregaron autoridades municipales, participantes y colectivas comprometidas con la causa. As\u00ed como la licenciada Marcela Gonz\u00e1lez, invitada especial, quien destac\u00f3 que como mujer reconoce que \u201cel camino no es f\u00e1cil\u201d, pero enfatiz\u00f3 que la uni\u00f3n y la sororidad permiten alcanzar grandes metas.<\/p>\n<p style=\"text-align: justify;\">En el evento se reconoci\u00f3 la labor del alcalde Alfonso S\u00e1nchez Garc\u00eda por impulsar acciones firmes y coordinadas para prevenir, atender y erradicar la violencia en todas sus manifestaciones, a fin de fortalecer las actividades orientadas a la protecci\u00f3n de los derechos de las mujeres.<\/p>\n<p style=\"text-align: justify;\">Por su parte, Lizbeth Briones S\u00e1nchez, directora del Instituto Municipal de la Mujer, subray\u00f3 que el edil ha promovido proyectos que fortalecen la autonom\u00eda econ\u00f3mica, la capacitaci\u00f3n, la educaci\u00f3n y el respeto a los derechos humanos de las mujeres tlaxcaltecas, reconociendo tambi\u00e9n la dedicaci\u00f3n de todas las participantes que, a lo largo del a\u00f1o, formaron parte de las diversas actividades formativas.<\/p>\n<p style=\"text-align: justify;\">Como parte del evento, se realiz\u00f3 la entrega de reconocimientos a las mujeres que concluyeron los cursos y talleres del Instituto Municipal de la Mujer, a las y los instructores, as\u00ed como un agradecimiento especial a las colectivas que colaboraron activamente en las jornadas de los 16 d\u00edas de activismo.<\/p>\n<p style=\"text-align: justify;\">En la ceremonia tambi\u00e9n estuvieron presentes Rub\u00e9n V\u00e1zquez Garc\u00eda, director del CECATI 82 Tlaxcala; Rafael Galicia Morales, en representaci\u00f3n de Luis Roberto Mac\u00edas Laylle, director del ICATLAX Plantel Chiautempan; as\u00ed como Hilario Corona Hern\u00e1ndez, de la Brigada 19.<\/p>\n","protected":false},"excerpt":{"rendered":"<p>El Gobierno Municipal de Tlaxcala, que encabeza Alfonso S\u00e1nchez Garc\u00eda, a trav\u00e9s del Instituto Municipal de la Mujer, llev\u00f3 a cabo la clausura de los talleres y cursos impartidos durante el a\u00f1o 2025, as\u00ed como el cierre de los 16 D\u00edas de Activismo para la Eliminaci\u00f3n de la Violencia Contra la Mujer. El acto tuvo [&hellip;]<\/p>\n","protected":false},"author":5,"featured_media":56564,"comment_status":"open","ping_status":"open","sticky":false,"template":"","format":"standard","meta":{"footnotes":""},"categories":[7,216,214],"tags":[],"class_list":["post-56563","post","type-post","status-publish","format-standard","has-post-thumbnail","hentry","category-ciudadanos","category-municipios","category-tlaxcala-capital"],"amp_enabled":true,"_links":{"self":[{"href":"https:\/\/labestiapolitica.com.mx\/index.php?rest_route=\/wp\/v2\/posts\/56563","targetHints":{"allow":["GET"]}}],"collection":[{"href":"https:\/\/labestiapolitica.com.mx\/index.php?rest_route=\/wp\/v2\/posts"}],"about":[{"href":"https:\/\/labestiapolitica.com.mx\/index.php?rest_route=\/wp\/v2\/types\/post"}],"author":[{"embeddable":true,"href":"https:\/\/labestiapolitica.com.mx\/index.php?rest_route=\/wp\/v2\/users\/5"}],"replies":[{"embeddable":true,"href":"https:\/\/labestiapolitica.com.mx\/index.php?rest_route=%2Fwp%2Fv2%2Fcomments&post=56563"}],"version-history":[{"count":1,"href":"https:\/\/labestiapolitica.com.mx\/index.php?rest_route=\/wp\/v2\/posts\/56563\/revisions"}],"predecessor-version":[{"id":56565,"href":"https:\/\/labestiapolitica.com.mx\/index.php?rest_route=\/wp\/v2\/posts\/56563\/revisions\/56565"}],"wp:featuredmedia":[{"embeddable":true,"href":"https:\/\/labestiapolitica.com.mx\/index.php?rest_route=\/wp\/v2\/media\/56564"}],"wp:attachment":[{"href":"https:\/\/labestiapolitica.com.mx\/index.php?rest_route=%2Fwp%2Fv2%2Fmedia&parent=56563"}],"wp:term":[{"taxonomy":"category","embeddable":true,"href":"https:\/\/labestiapolitica.com.mx\/index.php?rest_route=%2Fwp%2Fv2%2Fcategories&post=56563"},{"taxonomy":"post_tag","embeddable":true,"href":"https:\/\/labestiapolitica.com.mx\/index.php?rest_route=%2Fwp%2Fv2%2Ftags&post=56563"}],"curies":[{"name":"wp","href":"https:\/\/api.w.org\/{rel}","templated":true}]}}