{"id":56567,"date":"2025-12-10T23:08:56","date_gmt":"2025-12-11T05:08:56","guid":{"rendered":"https:\/\/labestiapolitica.com.mx\/?p=56567"},"modified":"2025-12-10T23:08:56","modified_gmt":"2025-12-11T05:08:56","slug":"salud-y-educacion-son-pilares-que-sostienen-el-presente-y-construyen-el-futuro-de-tlaxcala-alfonso-sanchez-garcia","status":"publish","type":"post","link":"https:\/\/labestiapolitica.com.mx\/?p=56567","title":{"rendered":"\u201cSalud y educaci\u00f3n son pilares que sostienen el presente y construyen el futuro de Tlaxcala\u201d: Alfonso S\u00e1nchez Garc\u00eda."},"content":{"rendered":"<p style=\"text-align: justify;\">Durante el cierre de la Jornada de Salud \u201cVive saludable, vive feliz\u201d, el presidente municipal de Tlaxcala, Alfonso S\u00e1nchez Garc\u00eda, afirm\u00f3 que \u201csalud y educaci\u00f3n no son caminos separados: son pilares que sostienen el presente y construyen el futuro de las nuevas generaciones\u201d, de ah\u00ed que la comunidad educativa requiere acciones integrales que cuiden, acompa\u00f1en y fortalezcan el desarrollo de ni\u00f1as, ni\u00f1os y adolescentes.<\/p>\n<p style=\"text-align: justify;\">El alcalde destac\u00f3 que esta estrategia representa un paso firme hacia un modelo educativo humanista, cercano y protector, que impulsa decisiones informadas y fomenta un s\u00f3lido sentido de comunidad entre las y los estudiantes.<\/p>\n<p style=\"text-align: justify;\">Durante el evento, realizado en la Escuela Primaria \u201cMiguel Hidalgo\u201d de Acuitlapilco, resalt\u00f3 que gracias a la visi\u00f3n del Gobierno del Estado, Tlaxcala avanza con acciones clave para el bienestar estudiantil, como la detecci\u00f3n oportuna de condiciones de salud, la promoci\u00f3n de h\u00e1bitos saludables y la atenci\u00f3n integral de la ni\u00f1ez y la adolescencia.<\/p>\n<p style=\"text-align: justify;\">En presencia de la gobernadora Lorena Cu\u00e9llar Cisneros, docentes, madres y padres de familia, estudiantes y representantes de los sectores educativo y de salud, el presidente municipal reconoci\u00f3 el liderazgo de la presidenta de M\u00e9xico, Claudia Sheinbaum Pardo, impulsora del decreto federal del que deriva esta estrategia<\/p>\n<p style=\"text-align: justify;\">La gobernadora Lorena Cu\u00e9llar Cisneros celebr\u00f3 que Tlaxcala haya obtenido el primer lugar nacional en la evaluaci\u00f3n de la estrategia Vive Saludable, Vive Feliz, un logro que \u2014dijo\u2014 refleja el esfuerzo conjunto de instituciones educativas y de salud, y que coloca al estado entre los primeros lugares despu\u00e9s de a\u00f1os de rezago.<\/p>\n<p style=\"text-align: justify;\">En su intervenci\u00f3n, el secretario de Educaci\u00f3n, Homero Meneses Hern\u00e1ndez, resalt\u00f3 que este resultado fue posible gracias a jornadas intensas que demostraron que \u201ccuando se trabaja en equipo, los resultados siempre son mejores\u201d. A la vez, reconoci\u00f3 el apoyo del alcalde Alfonso S\u00e1nchez Garc\u00eda por fortalecer la infraestructura educativa y los espacios deportivos en la capital, lo que contribuye al desarrollo integral del estudiantado.<\/p>\n<p style=\"text-align: justify;\">En la misma l\u00ednea se pronunciaron la presidenta honor\u00edfica del DIF estatal, Mariana Espinoza de los Monteros Cu\u00e9llar, y el secretario de Salud, Rigoberto Zamudio Meneses, quienes coincidieron en que esta estrategia federal mejora la calidad de vida de las y los estudiantes.<\/p>\n<p style=\"text-align: justify;\">Como parte de la jornada, las ni\u00f1as y ni\u00f1os de la primaria \u201cMiguel Hidalgo\u201d recibieron valoraci\u00f3n m\u00e9dica y visual, adem\u00e1s de una dotaci\u00f3n de cereales para fortalecer su nutrici\u00f3n.<\/p>\n","protected":false},"excerpt":{"rendered":"<p>Durante el cierre de la Jornada de Salud \u201cVive saludable, vive feliz\u201d, el presidente municipal de Tlaxcala, Alfonso S\u00e1nchez Garc\u00eda, afirm\u00f3 que \u201csalud y educaci\u00f3n no son caminos separados: son pilares que sostienen el presente y construyen el futuro de las nuevas generaciones\u201d, de ah\u00ed que la comunidad educativa requiere acciones integrales que cuiden, acompa\u00f1en [&hellip;]<\/p>\n","protected":false},"author":5,"featured_media":56568,"comment_status":"open","ping_status":"open","sticky":false,"template":"","format":"standard","meta":{"footnotes":""},"categories":[7,216,214],"tags":[],"class_list":["post-56567","post","type-post","status-publish","format-standard","has-post-thumbnail","hentry","category-ciudadanos","category-municipios","category-tlaxcala-capital"],"amp_enabled":true,"_links":{"self":[{"href":"https:\/\/labestiapolitica.com.mx\/index.php?rest_route=\/wp\/v2\/posts\/56567","targetHints":{"allow":["GET"]}}],"collection":[{"href":"https:\/\/labestiapolitica.com.mx\/index.php?rest_route=\/wp\/v2\/posts"}],"about":[{"href":"https:\/\/labestiapolitica.com.mx\/index.php?rest_route=\/wp\/v2\/types\/post"}],"author":[{"embeddable":true,"href":"https:\/\/labestiapolitica.com.mx\/index.php?rest_route=\/wp\/v2\/users\/5"}],"replies":[{"embeddable":true,"href":"https:\/\/labestiapolitica.com.mx\/index.php?rest_route=%2Fwp%2Fv2%2Fcomments&post=56567"}],"version-history":[{"count":1,"href":"https:\/\/labestiapolitica.com.mx\/index.php?rest_route=\/wp\/v2\/posts\/56567\/revisions"}],"predecessor-version":[{"id":56569,"href":"https:\/\/labestiapolitica.com.mx\/index.php?rest_route=\/wp\/v2\/posts\/56567\/revisions\/56569"}],"wp:featuredmedia":[{"embeddable":true,"href":"https:\/\/labestiapolitica.com.mx\/index.php?rest_route=\/wp\/v2\/media\/56568"}],"wp:attachment":[{"href":"https:\/\/labestiapolitica.com.mx\/index.php?rest_route=%2Fwp%2Fv2%2Fmedia&parent=56567"}],"wp:term":[{"taxonomy":"category","embeddable":true,"href":"https:\/\/labestiapolitica.com.mx\/index.php?rest_route=%2Fwp%2Fv2%2Fcategories&post=56567"},{"taxonomy":"post_tag","embeddable":true,"href":"https:\/\/labestiapolitica.com.mx\/index.php?rest_route=%2Fwp%2Fv2%2Ftags&post=56567"}],"curies":[{"name":"wp","href":"https:\/\/api.w.org\/{rel}","templated":true}]}}