{"id":56570,"date":"2025-12-10T23:12:10","date_gmt":"2025-12-11T05:12:10","guid":{"rendered":"https:\/\/labestiapolitica.com.mx\/?p=56570"},"modified":"2025-12-10T23:12:10","modified_gmt":"2025-12-11T05:12:10","slug":"con-trabajos-de-renivelacion-y-mejora-urbana-cierra-el-gobierno-de-alfonso-sanchez-garcia-el-2025-y-fortalece-el-bienestar-en-la-capital","status":"publish","type":"post","link":"https:\/\/labestiapolitica.com.mx\/?p=56570","title":{"rendered":"Con trabajos de renivelaci\u00f3n y mejora urbana, cierra el Gobierno de Alfonso S\u00e1nchez Garc\u00eda el 2025 y fortalece el bienestar en la capital."},"content":{"rendered":"<p style=\"text-align: justify;\">El Ayuntamiento de Tlaxcala, que encabeza Alfonso S\u00e1nchez Garc\u00eda, a trav\u00e9s de la Direcci\u00f3n de Obras P\u00fablicas y Desarrollo Urbano, mantiene firme su compromiso con el mejoramiento de la infraestructura urbana al cierre de este 2025, con acciones que fortalecen el bienestar de la capital.<\/p>\n<p style=\"text-align: justify;\">Como parte de los trabajos de mantenimiento permanente, brigadas municipales realizaron la renivelaci\u00f3n de hundimientos en puntos del centro hist\u00f3rico, entre ellos la Calle Zitlalpop\u00f3catl y la Avenida Ju\u00e1rez.<\/p>\n<p style=\"text-align: justify;\">Estas labores permiten conservar en \u00f3ptimas condiciones las vialidades m\u00e1s transitadas, favoreciendo el desplazamiento seguro de peatones y automovilistas.<\/p>\n<p style=\"text-align: justify;\">De igual manera, contin\u00faan los trabajos en la Calle 20 de Noviembre, una de las principales arterias viales de la capital, donde se avanza en la rehabilitaci\u00f3n para garantizar mejores condiciones de circulaci\u00f3n.<\/p>\n<p style=\"text-align: justify;\">Es as\u00ed que el alcalde Alfonso S\u00e1nchez Garc\u00eda concluye el a\u00f1o con acciones concretas y visibles, tanto en el centro hist\u00f3rico como en las comunidades y delegaciones, dando respuesta oportuna a las necesidades de las y los vecinos.<\/p>\n","protected":false},"excerpt":{"rendered":"<p>El Ayuntamiento de Tlaxcala, que encabeza Alfonso S\u00e1nchez Garc\u00eda, a trav\u00e9s de la Direcci\u00f3n de Obras P\u00fablicas y Desarrollo Urbano, mantiene firme su compromiso con el mejoramiento de la infraestructura urbana al cierre de este 2025, con acciones que fortalecen el bienestar de la capital. Como parte de los trabajos de mantenimiento permanente, brigadas municipales [&hellip;]<\/p>\n","protected":false},"author":5,"featured_media":56571,"comment_status":"open","ping_status":"open","sticky":false,"template":"","format":"standard","meta":{"footnotes":""},"categories":[7,216,214],"tags":[],"class_list":["post-56570","post","type-post","status-publish","format-standard","has-post-thumbnail","hentry","category-ciudadanos","category-municipios","category-tlaxcala-capital"],"amp_enabled":true,"_links":{"self":[{"href":"https:\/\/labestiapolitica.com.mx\/index.php?rest_route=\/wp\/v2\/posts\/56570","targetHints":{"allow":["GET"]}}],"collection":[{"href":"https:\/\/labestiapolitica.com.mx\/index.php?rest_route=\/wp\/v2\/posts"}],"about":[{"href":"https:\/\/labestiapolitica.com.mx\/index.php?rest_route=\/wp\/v2\/types\/post"}],"author":[{"embeddable":true,"href":"https:\/\/labestiapolitica.com.mx\/index.php?rest_route=\/wp\/v2\/users\/5"}],"replies":[{"embeddable":true,"href":"https:\/\/labestiapolitica.com.mx\/index.php?rest_route=%2Fwp%2Fv2%2Fcomments&post=56570"}],"version-history":[{"count":1,"href":"https:\/\/labestiapolitica.com.mx\/index.php?rest_route=\/wp\/v2\/posts\/56570\/revisions"}],"predecessor-version":[{"id":56572,"href":"https:\/\/labestiapolitica.com.mx\/index.php?rest_route=\/wp\/v2\/posts\/56570\/revisions\/56572"}],"wp:featuredmedia":[{"embeddable":true,"href":"https:\/\/labestiapolitica.com.mx\/index.php?rest_route=\/wp\/v2\/media\/56571"}],"wp:attachment":[{"href":"https:\/\/labestiapolitica.com.mx\/index.php?rest_route=%2Fwp%2Fv2%2Fmedia&parent=56570"}],"wp:term":[{"taxonomy":"category","embeddable":true,"href":"https:\/\/labestiapolitica.com.mx\/index.php?rest_route=%2Fwp%2Fv2%2Fcategories&post=56570"},{"taxonomy":"post_tag","embeddable":true,"href":"https:\/\/labestiapolitica.com.mx\/index.php?rest_route=%2Fwp%2Fv2%2Ftags&post=56570"}],"curies":[{"name":"wp","href":"https:\/\/api.w.org\/{rel}","templated":true}]}}