{"id":56590,"date":"2025-12-11T12:03:32","date_gmt":"2025-12-11T18:03:32","guid":{"rendered":"https:\/\/labestiapolitica.com.mx\/?p=56590"},"modified":"2025-12-11T12:03:32","modified_gmt":"2025-12-11T18:03:32","slug":"%f0%9f%8f%ab%f0%9f%a7%b1-nopalucan-con-escuela-mas-segura-futuro-mas-fuerterehabilitan-barda-perimetral-del-jardin-de-ninos-vicente-guerrero","status":"publish","type":"post","link":"https:\/\/labestiapolitica.com.mx\/?p=56590","title":{"rendered":"\ud83c\udfeb\ud83e\uddf1 \u00a1Nopalucan con escuela m\u00e1s segura, futuro m\u00e1s fuerte!Rehabilitan barda perimetral del Jard\u00edn de Ni\u00f1os Vicente Guerrero"},"content":{"rendered":"<p style=\"text-align: justify;\" data-start=\"308\" data-end=\"595\"><strong>JeSerch<\/strong> Mej\u00eda<\/p>\n<p data-start=\"308\" data-end=\"595\">\n<p data-start=\"308\" data-end=\"595\">Ayuntamiento de <strong data-start=\"327\" data-end=\"350\">Nopalucan<\/strong> entreg\u00f3 la rehabilitaci\u00f3n de la <strong data-start=\"383\" data-end=\"440\">barda perimetral del Jard\u00edn de Ni\u00f1os Vicente Guerrero<\/strong>, ubicado en la colonia M\u00e9xico, una intervenci\u00f3n prioritaria debido al riesgo que representaba para estudiantes y transe\u00fantes de la calle Vicente Guerrero.<\/p>\n<p data-start=\"597\" data-end=\"940\">La obra consisti\u00f3 en la construcci\u00f3n de <strong data-start=\"637\" data-end=\"683\">32 metros lineales de muro de block macizo<\/strong>, con una inversi\u00f3n de <strong data-start=\"706\" data-end=\"721\">$175,119.99<\/strong>, luego de que la estructura original presentara desplazamientos que pod\u00edan derivar en un accidente grave. La rehabilitaci\u00f3n fue solicitada por la directora de la instituci\u00f3n y respaldada por madres y padres de familia.<\/p>\n<p data-start=\"942\" data-end=\"1225\">El proyecto se concret\u00f3 a trav\u00e9s del programa <strong data-start=\"988\" data-end=\"1015\">\u201cLa Escuela es Nuestra\u201d<\/strong>, en coordinaci\u00f3n con el Ayuntamiento de Nopalucan, que reconoci\u00f3 el apoyo del secretario de Educaci\u00f3n P\u00fablica, <strong data-start=\"1127\" data-end=\"1145\">Homero Meneses<\/strong>, por su disposici\u00f3n para fortalecer la infraestructura educativa del municipio.<\/p>\n<p data-start=\"1227\" data-end=\"1595\">Durante la entrega, el alcalde <strong data-start=\"1258\" data-end=\"1281\">Pedro P\u00e9rez V\u00e1zquez<\/strong> destac\u00f3 que cada a\u00f1o fiscal se destinan recursos espec\u00edficos para mejorar las escuelas del municipio, garantizando condiciones seguras y dignas para la ni\u00f1ez. Asimismo, reconoci\u00f3 el trabajo del <strong data-start=\"1476\" data-end=\"1511\">DIF Municipal y del DIF Estatal<\/strong>, con quienes se han instalado nuevos comedores escolares en diversas instituciones.<\/p>\n<p data-start=\"1597\" data-end=\"1974\">El edil asegur\u00f3 que <strong data-start=\"1617\" data-end=\"1654\">Nopalucan seguir\u00e1 transform\u00e1ndose<\/strong>, refrendando que los compromisos asumidos con la ciudadan\u00eda se est\u00e1n cumpliendo con obras reales y visibles. Por su parte, la directora del plantel agradeci\u00f3 la voluntad del presidente municipal y del cabildo para responder a las necesidades de la comunidad escolar y continuar con los trabajos que a\u00fan est\u00e1n por venir.<\/p>\n","protected":false},"excerpt":{"rendered":"<p>JeSerch Mej\u00eda Ayuntamiento de Nopalucan entreg\u00f3 la rehabilitaci\u00f3n de la barda perimetral del Jard\u00edn de Ni\u00f1os Vicente Guerrero, ubicado en la colonia M\u00e9xico, una intervenci\u00f3n prioritaria debido al riesgo que representaba para estudiantes y transe\u00fantes de la calle Vicente Guerrero. La obra consisti\u00f3 en la construcci\u00f3n de 32 metros lineales de muro de block macizo, [&hellip;]<\/p>\n","protected":false},"author":3,"featured_media":56591,"comment_status":"open","ping_status":"open","sticky":false,"template":"","format":"standard","meta":{"footnotes":""},"categories":[216,231],"tags":[],"class_list":["post-56590","post","type-post","status-publish","format-standard","has-post-thumbnail","hentry","category-municipios","category-nopalucan"],"amp_enabled":true,"_links":{"self":[{"href":"https:\/\/labestiapolitica.com.mx\/index.php?rest_route=\/wp\/v2\/posts\/56590","targetHints":{"allow":["GET"]}}],"collection":[{"href":"https:\/\/labestiapolitica.com.mx\/index.php?rest_route=\/wp\/v2\/posts"}],"about":[{"href":"https:\/\/labestiapolitica.com.mx\/index.php?rest_route=\/wp\/v2\/types\/post"}],"author":[{"embeddable":true,"href":"https:\/\/labestiapolitica.com.mx\/index.php?rest_route=\/wp\/v2\/users\/3"}],"replies":[{"embeddable":true,"href":"https:\/\/labestiapolitica.com.mx\/index.php?rest_route=%2Fwp%2Fv2%2Fcomments&post=56590"}],"version-history":[{"count":1,"href":"https:\/\/labestiapolitica.com.mx\/index.php?rest_route=\/wp\/v2\/posts\/56590\/revisions"}],"predecessor-version":[{"id":56592,"href":"https:\/\/labestiapolitica.com.mx\/index.php?rest_route=\/wp\/v2\/posts\/56590\/revisions\/56592"}],"wp:featuredmedia":[{"embeddable":true,"href":"https:\/\/labestiapolitica.com.mx\/index.php?rest_route=\/wp\/v2\/media\/56591"}],"wp:attachment":[{"href":"https:\/\/labestiapolitica.com.mx\/index.php?rest_route=%2Fwp%2Fv2%2Fmedia&parent=56590"}],"wp:term":[{"taxonomy":"category","embeddable":true,"href":"https:\/\/labestiapolitica.com.mx\/index.php?rest_route=%2Fwp%2Fv2%2Fcategories&post=56590"},{"taxonomy":"post_tag","embeddable":true,"href":"https:\/\/labestiapolitica.com.mx\/index.php?rest_route=%2Fwp%2Fv2%2Ftags&post=56590"}],"curies":[{"name":"wp","href":"https:\/\/api.w.org\/{rel}","templated":true}]}}