{"id":56593,"date":"2025-12-11T12:50:27","date_gmt":"2025-12-11T18:50:27","guid":{"rendered":"https:\/\/labestiapolitica.com.mx\/?p=56593"},"modified":"2025-12-11T13:00:49","modified_gmt":"2025-12-11T19:00:49","slug":"inauguran-rehabilitacion-de-la-calle-ermita-en-nopalucan-vecinos-reconocen-el-cumplimiento-de-compromisos","status":"publish","type":"post","link":"https:\/\/labestiapolitica.com.mx\/?p=56593","title":{"rendered":"Inauguran rehabilitaci\u00f3n de la Calle Ermita en Nopalucan; vecinos reconocen el cumplimiento de compromisos"},"content":{"rendered":"<p style=\"text-align: justify;\"><strong>JeSerch<\/strong> Mej\u00eda<\/p>\n<p style=\"text-align: justify;\" data-start=\"268\" data-end=\"523\">La rehabilitaci\u00f3n total de la Calle Ermita, en la colonia Puebla, qued\u00f3 oficialmente concluida, una obra que los habitantes hab\u00edan solicitado desde hace varios a\u00f1os y que hoy representa un beneficio directo para decenas de familias de la zona.<\/p>\n<p style=\"text-align: justify;\" data-start=\"525\" data-end=\"932\">Melit\u00f3n V\u00e1zquez, vecino de la vialidad, expres\u00f3 su agradecimiento por la intervenci\u00f3n, destacando que se trata de una mejora que realmente transforma la vida cotidiana de los nopaluquenses. Reconoci\u00f3 al alcalde Pedro P\u00e9rez V\u00e1zquez como \u201cun hombre de trabajo y compromisos cumplidos\u201d, al se\u00f1alar que esta entrega demuestra que el gobierno municipal est\u00e1 respondiendo a las necesidades reales de la poblaci\u00f3n.<\/p>\n<p style=\"text-align: justify;\" data-start=\"934\" data-end=\"1328\">Durante el acto, el presidente municipal agradeci\u00f3 la paciencia de los vecinos y explic\u00f3 que la rehabilitaci\u00f3n incluy\u00f3 la sustituci\u00f3n del drenaje, debido a que en temporada de lluvias el agua sol\u00eda estancarse y generar remolinos que afectaban a las viviendas cercanas. Subray\u00f3 que los trabajos fueron realizados por personal profesional y con supervisi\u00f3n t\u00e9cnica para garantizar su durabilidad.<\/p>\n<p style=\"text-align: justify;\" data-start=\"1330\" data-end=\"1566\">La obra se ejecut\u00f3 con recursos del Fondo para la Infraestructura Social Municipal e incluy\u00f3 la construcci\u00f3n de guarniciones por un monto de <strong data-start=\"1471\" data-end=\"1491\">85,913.015 pesos<\/strong>, as\u00ed como la colocaci\u00f3n de adoqu\u00edn con una inversi\u00f3n de <strong data-start=\"1548\" data-end=\"1565\">704,806 pesos<\/strong>.<\/p>\n<p style=\"text-align: justify;\" data-start=\"1568\" data-end=\"1907\">El edil adelant\u00f3 que para <strong data-start=\"1594\" data-end=\"1602\">2026<\/strong> ya se encuentran proyectadas m\u00e1s obras de impacto social, adem\u00e1s de varias que ser\u00e1n inauguradas en los pr\u00f3ximos d\u00edas. Reiter\u00f3 que la prioridad de su administraci\u00f3n es que cada acci\u00f3n se traduzca en beneficios directos para las y los ciudadanos, cumpliendo as\u00ed los compromisos adquiridos durante campa\u00f1a.<\/p>\n<p style=\"text-align: justify;\" data-start=\"1909\" data-end=\"2152\">La se\u00f1ora Constantina V\u00e1zquez Mu\u00f1oz, en representaci\u00f3n de la familia V\u00e1zquez Mu\u00f1oz y de otros vecinos, tambi\u00e9n agradeci\u00f3 la intervenci\u00f3n municipal, destacando que la nueva calle mejora la movilidad, la seguridad y la imagen de toda la colonia.<\/p>\n","protected":false},"excerpt":{"rendered":"<p>JeSerch Mej\u00eda La rehabilitaci\u00f3n total de la Calle Ermita, en la colonia Puebla, qued\u00f3 oficialmente concluida, una obra que los habitantes hab\u00edan solicitado desde hace varios a\u00f1os y que hoy representa un beneficio directo para decenas de familias de la zona. Melit\u00f3n V\u00e1zquez, vecino de la vialidad, expres\u00f3 su agradecimiento por la intervenci\u00f3n, destacando que [&hellip;]<\/p>\n","protected":false},"author":3,"featured_media":56594,"comment_status":"open","ping_status":"open","sticky":false,"template":"","format":"standard","meta":{"footnotes":""},"categories":[216,231],"tags":[],"class_list":["post-56593","post","type-post","status-publish","format-standard","has-post-thumbnail","hentry","category-municipios","category-nopalucan"],"amp_enabled":true,"_links":{"self":[{"href":"https:\/\/labestiapolitica.com.mx\/index.php?rest_route=\/wp\/v2\/posts\/56593","targetHints":{"allow":["GET"]}}],"collection":[{"href":"https:\/\/labestiapolitica.com.mx\/index.php?rest_route=\/wp\/v2\/posts"}],"about":[{"href":"https:\/\/labestiapolitica.com.mx\/index.php?rest_route=\/wp\/v2\/types\/post"}],"author":[{"embeddable":true,"href":"https:\/\/labestiapolitica.com.mx\/index.php?rest_route=\/wp\/v2\/users\/3"}],"replies":[{"embeddable":true,"href":"https:\/\/labestiapolitica.com.mx\/index.php?rest_route=%2Fwp%2Fv2%2Fcomments&post=56593"}],"version-history":[{"count":2,"href":"https:\/\/labestiapolitica.com.mx\/index.php?rest_route=\/wp\/v2\/posts\/56593\/revisions"}],"predecessor-version":[{"id":56598,"href":"https:\/\/labestiapolitica.com.mx\/index.php?rest_route=\/wp\/v2\/posts\/56593\/revisions\/56598"}],"wp:featuredmedia":[{"embeddable":true,"href":"https:\/\/labestiapolitica.com.mx\/index.php?rest_route=\/wp\/v2\/media\/56594"}],"wp:attachment":[{"href":"https:\/\/labestiapolitica.com.mx\/index.php?rest_route=%2Fwp%2Fv2%2Fmedia&parent=56593"}],"wp:term":[{"taxonomy":"category","embeddable":true,"href":"https:\/\/labestiapolitica.com.mx\/index.php?rest_route=%2Fwp%2Fv2%2Fcategories&post=56593"},{"taxonomy":"post_tag","embeddable":true,"href":"https:\/\/labestiapolitica.com.mx\/index.php?rest_route=%2Fwp%2Fv2%2Ftags&post=56593"}],"curies":[{"name":"wp","href":"https:\/\/api.w.org\/{rel}","templated":true}]}}