{"id":56596,"date":"2025-12-11T13:00:55","date_gmt":"2025-12-11T19:00:55","guid":{"rendered":"https:\/\/labestiapolitica.com.mx\/?p=56596"},"modified":"2025-12-11T13:01:26","modified_gmt":"2025-12-11T19:01:26","slug":"greenbrier-tlaxcala-fortalece-al-dif-tetla-con-la-donacion-de-18-computadoras","status":"publish","type":"post","link":"https:\/\/labestiapolitica.com.mx\/?p=56596","title":{"rendered":"Greenbrier Tlaxcala fortalece al DIF Tetla con la donaci\u00f3n de 18 computadoras"},"content":{"rendered":"<p data-start=\"256\" data-end=\"558\"><strong>JeSerch<\/strong> Mej\u00eda<\/p>\n<p style=\"text-align: justify;\" data-start=\"256\" data-end=\"558\">El Ayuntamiento de Tetla de la Solidaridad inform\u00f3 que la empresa Greenbrier Tlaxcala realiz\u00f3 la entrega de 18 computadoras al DIF Municipal 2024\u20132027, una aportaci\u00f3n que permitir\u00e1 mejorar la atenci\u00f3n que reciben ni\u00f1as, ni\u00f1os y familias que acuden diariamente a los servicios del organismo asistencial.<\/p>\n<p style=\"text-align: justify;\" data-start=\"560\" data-end=\"940\">El alcalde Giovani Montiel encabez\u00f3 el acto oficial y reconoci\u00f3 la disposici\u00f3n social de la empresa por contribuir al desarrollo del municipio. Agradeci\u00f3 de manera particular a Javier Segura Hern\u00e1ndez, gerente de Recursos Humanos; Mar\u00eda Fernanda Esquivel Baldomino, analista de Recursos Humanos; y Rommel Amador de la Cruz, supervisor de IT, quienes hicieron posible esta gesti\u00f3n.<\/p>\n<p style=\"text-align: justify;\" data-start=\"942\" data-end=\"1188\">Montiel subray\u00f3 que esta donaci\u00f3n representa un impulso real para fortalecer los programas que opera el DIF, al dotar de herramientas tecnol\u00f3gicas indispensables para mejorar los procesos de atenci\u00f3n, capacitaci\u00f3n y acompa\u00f1amiento a la poblaci\u00f3n.<\/p>\n<p style=\"text-align: justify;\" data-start=\"1190\" data-end=\"1427\">Regidores y presidentes de comunidad estuvieron presentes como testigos de esta acci\u00f3n, que refrenda el compromiso de colaboraci\u00f3n entre el Gobierno Municipal y el sector empresarial para impulsar el bienestar de Tetla de la Solidaridad.<\/p>\n","protected":false},"excerpt":{"rendered":"<p>JeSerch Mej\u00eda El Ayuntamiento de Tetla de la Solidaridad inform\u00f3 que la empresa Greenbrier Tlaxcala realiz\u00f3 la entrega de 18 computadoras al DIF Municipal 2024\u20132027, una aportaci\u00f3n que permitir\u00e1 mejorar la atenci\u00f3n que reciben ni\u00f1as, ni\u00f1os y familias que acuden diariamente a los servicios del organismo asistencial. El alcalde Giovani Montiel encabez\u00f3 el acto oficial [&hellip;]<\/p>\n","protected":false},"author":3,"featured_media":56597,"comment_status":"open","ping_status":"open","sticky":false,"template":"","format":"standard","meta":{"footnotes":""},"categories":[216,231],"tags":[],"class_list":["post-56596","post","type-post","status-publish","format-standard","has-post-thumbnail","hentry","category-municipios","category-nopalucan"],"amp_enabled":true,"_links":{"self":[{"href":"https:\/\/labestiapolitica.com.mx\/index.php?rest_route=\/wp\/v2\/posts\/56596","targetHints":{"allow":["GET"]}}],"collection":[{"href":"https:\/\/labestiapolitica.com.mx\/index.php?rest_route=\/wp\/v2\/posts"}],"about":[{"href":"https:\/\/labestiapolitica.com.mx\/index.php?rest_route=\/wp\/v2\/types\/post"}],"author":[{"embeddable":true,"href":"https:\/\/labestiapolitica.com.mx\/index.php?rest_route=\/wp\/v2\/users\/3"}],"replies":[{"embeddable":true,"href":"https:\/\/labestiapolitica.com.mx\/index.php?rest_route=%2Fwp%2Fv2%2Fcomments&post=56596"}],"version-history":[{"count":1,"href":"https:\/\/labestiapolitica.com.mx\/index.php?rest_route=\/wp\/v2\/posts\/56596\/revisions"}],"predecessor-version":[{"id":56599,"href":"https:\/\/labestiapolitica.com.mx\/index.php?rest_route=\/wp\/v2\/posts\/56596\/revisions\/56599"}],"wp:featuredmedia":[{"embeddable":true,"href":"https:\/\/labestiapolitica.com.mx\/index.php?rest_route=\/wp\/v2\/media\/56597"}],"wp:attachment":[{"href":"https:\/\/labestiapolitica.com.mx\/index.php?rest_route=%2Fwp%2Fv2%2Fmedia&parent=56596"}],"wp:term":[{"taxonomy":"category","embeddable":true,"href":"https:\/\/labestiapolitica.com.mx\/index.php?rest_route=%2Fwp%2Fv2%2Fcategories&post=56596"},{"taxonomy":"post_tag","embeddable":true,"href":"https:\/\/labestiapolitica.com.mx\/index.php?rest_route=%2Fwp%2Fv2%2Ftags&post=56596"}],"curies":[{"name":"wp","href":"https:\/\/api.w.org\/{rel}","templated":true}]}}