{"id":56603,"date":"2025-12-11T15:08:25","date_gmt":"2025-12-11T21:08:25","guid":{"rendered":"https:\/\/labestiapolitica.com.mx\/?p=56603"},"modified":"2025-12-11T15:08:25","modified_gmt":"2025-12-11T21:08:25","slug":"habra-cierre-total-de-bulevar-ocotelulco-en-la-capital-a-partir-del-17-de-diciembre-por-obras-de-reencarpetamiento","status":"publish","type":"post","link":"https:\/\/labestiapolitica.com.mx\/?p=56603","title":{"rendered":"Habr\u00e1 cierre total de Bulevar Ocotelulco en la capital a partir del 17 de diciembre por obras de reencarpetamiento"},"content":{"rendered":"<ul>\n<li style=\"text-align: justify;\">El Gobierno de Alfonso S\u00e1nchez Garc\u00eda llama a la ciudadan\u00eda tomar previsiones<\/li>\n<\/ul>\n<p style=\"text-align: justify;\">El Ayuntamiento de Tlaxcala, que preside Alfonso S\u00e1nchez Garc\u00eda, informa a la ciudadan\u00eda que a partir del pr\u00f3ximo martes 17 de diciembre dar\u00e1 inicio la rehabilitaci\u00f3n integral del Bulevar Ocotelulco y el Bulevar del Maestro, por lo que se implementar\u00e1n cierres y ajustes viales temporales para permitir el desarrollo de los trabajos.<br \/>\nLa primera etapa contempla el cierre total del Bulevar Ocotelulco, debido al deterioro estructural que presenta. Ante ello, el Bulevar del Maestro operar\u00e1 en doble sentido de forma temporal, con el objetivo de agilizar la circulaci\u00f3n y reducir afectaciones a vecinos, comercios y conductores.<br \/>\nEstas acciones forman parte del compromiso del presidente municipal Alfonso S\u00e1nchez Garc\u00eda por atender una de las solicitudes m\u00e1s reiteradas por la poblaci\u00f3n y mejorar la movilidad en esta zona de alta afluencia. Para hacer posible esta obra, el alcalde gestion\u00f3 los recursos necesarios ante la Gobernadora Lorena Cu\u00e9llar Cisneros.<br \/>\nEl director de Obras P\u00fablicas y Desarrollo Urbano, Iram Papaqui Texpa, detall\u00f3 que la rehabilitaci\u00f3n iniciar\u00e1 en los tramos m\u00e1s da\u00f1ados, mismos que han sido motivo constante de reportes ciudadanos.<br \/>\nPara mitigar molestias, elementos de Vialidad, delegados y personal operativo visitar\u00e1n casa por casa, as\u00ed como negocios y oficinas del \u00e1rea, para informar la log\u00edstica y orientar a los usuarios sobre rutas alternas.<br \/>\nComo parte de la estrategia, se realizar\u00e1n rondines preventivos, ajustes de se\u00f1al\u00e9tica y la inhabilitaci\u00f3n temporal del sem\u00e1foro en la intersecci\u00f3n entre la Calle 7 y la Calle 1, donde se aplicar\u00e1 la modalidad de \u201cuno por uno\u201d para favorecer la fluidez vehicular.<br \/>\nEl Ayuntamiento de Tlaxcala exhorta a la poblaci\u00f3n a respetar la se\u00f1alizaci\u00f3n, evitar estacionarse en zonas conflictivas y colaborar con el personal operativo durante el periodo de obra.<\/p>\n","protected":false},"excerpt":{"rendered":"<p>El Gobierno de Alfonso S\u00e1nchez Garc\u00eda llama a la ciudadan\u00eda tomar previsiones El Ayuntamiento de Tlaxcala, que preside Alfonso S\u00e1nchez Garc\u00eda, informa a la ciudadan\u00eda que a partir del pr\u00f3ximo martes 17 de diciembre dar\u00e1 inicio la rehabilitaci\u00f3n integral del Bulevar Ocotelulco y el Bulevar del Maestro, por lo que se implementar\u00e1n cierres y ajustes [&hellip;]<\/p>\n","protected":false},"author":5,"featured_media":56604,"comment_status":"open","ping_status":"open","sticky":false,"template":"","format":"standard","meta":{"footnotes":""},"categories":[216,214],"tags":[],"class_list":["post-56603","post","type-post","status-publish","format-standard","has-post-thumbnail","hentry","category-municipios","category-tlaxcala-capital"],"amp_enabled":true,"_links":{"self":[{"href":"https:\/\/labestiapolitica.com.mx\/index.php?rest_route=\/wp\/v2\/posts\/56603","targetHints":{"allow":["GET"]}}],"collection":[{"href":"https:\/\/labestiapolitica.com.mx\/index.php?rest_route=\/wp\/v2\/posts"}],"about":[{"href":"https:\/\/labestiapolitica.com.mx\/index.php?rest_route=\/wp\/v2\/types\/post"}],"author":[{"embeddable":true,"href":"https:\/\/labestiapolitica.com.mx\/index.php?rest_route=\/wp\/v2\/users\/5"}],"replies":[{"embeddable":true,"href":"https:\/\/labestiapolitica.com.mx\/index.php?rest_route=%2Fwp%2Fv2%2Fcomments&post=56603"}],"version-history":[{"count":1,"href":"https:\/\/labestiapolitica.com.mx\/index.php?rest_route=\/wp\/v2\/posts\/56603\/revisions"}],"predecessor-version":[{"id":56605,"href":"https:\/\/labestiapolitica.com.mx\/index.php?rest_route=\/wp\/v2\/posts\/56603\/revisions\/56605"}],"wp:featuredmedia":[{"embeddable":true,"href":"https:\/\/labestiapolitica.com.mx\/index.php?rest_route=\/wp\/v2\/media\/56604"}],"wp:attachment":[{"href":"https:\/\/labestiapolitica.com.mx\/index.php?rest_route=%2Fwp%2Fv2%2Fmedia&parent=56603"}],"wp:term":[{"taxonomy":"category","embeddable":true,"href":"https:\/\/labestiapolitica.com.mx\/index.php?rest_route=%2Fwp%2Fv2%2Fcategories&post=56603"},{"taxonomy":"post_tag","embeddable":true,"href":"https:\/\/labestiapolitica.com.mx\/index.php?rest_route=%2Fwp%2Fv2%2Ftags&post=56603"}],"curies":[{"name":"wp","href":"https:\/\/api.w.org\/{rel}","templated":true}]}}