{"id":56609,"date":"2025-12-11T15:49:39","date_gmt":"2025-12-11T21:49:39","guid":{"rendered":"https:\/\/labestiapolitica.com.mx\/?p=56609"},"modified":"2025-12-11T16:08:36","modified_gmt":"2025-12-11T22:08:36","slug":"ceremonia-de-graduacion-umt-generacion-2021-2025-celebra-el-cierre-de-un-ciclo-academico","status":"publish","type":"post","link":"https:\/\/labestiapolitica.com.mx\/?p=56609","title":{"rendered":"Ceremonia de Graduaci\u00f3n UMT: Generaci\u00f3n 2021\u20132025 celebra el cierre de un ciclo acad\u00e9mico"},"content":{"rendered":"<p style=\"text-align: justify;\">Mariana LOVERA \/\/ La Universidad Metropolitana de Tlaxcala (UMT) celebr\u00f3 este d\u00eda la Ceremonia de Graduaci\u00f3n de las licenciaturas en Psicolog\u00eda Cl\u00ednica, Gastronom\u00eda-Chef y Arquitectura, correspondientes a la Generaci\u00f3n 2021\u20132025, un acto solemne marcado por emociones, orgullo y el reconocimiento al esfuerzo acad\u00e9mico de sus nuevos profesionistas.<\/p>\n<p style=\"text-align: justify;\">El evento estuvo encabezado por la C.P. Marcelina Cruz Ordaz, Rectora de la instituci\u00f3n, acompa\u00f1ada por la Mtra. Ang\u00e9lica D\u00edaz Tejeda, Directora General de Educaci\u00f3n Superior de la UMT. Tambi\u00e9n estuvieron presentes los directores de cada programa acad\u00e9mico: L.P.P. Mar\u00eda de Jes\u00fas Ivonne Estrada Esquivel (Psicolog\u00eda Cl\u00ednica), Mtra. Celia Morales B\u00e1ez (Gastronom\u00eda, Chef) y Mtro. Humberto Enr\u00edquez V\u00e1zquez (Arquitectura).<\/p>\n<p style=\"text-align: justify;\">Durante la ceremonia, el Mtro. Humberto Enr\u00edquez V\u00e1zquez, en su calidad de Director T\u00e9cnico de Arquitectura, dirigi\u00f3 un mensaje en representaci\u00f3n de las tres licenciaturas que concluyeron su formaci\u00f3n universitaria, subrayando la importancia del compromiso profesional y la responsabilidad social que ahora adquieren los egresados.<\/p>\n<p style=\"text-align: justify;\">En total, 21 estudiantes recibieron su constancia de terminaci\u00f3n de estudios:<\/p>\n<p style=\"text-align: justify;\">3 de Psicolog\u00eda Cl\u00ednica<\/p>\n<p style=\"text-align: justify;\">12 de Gastronom\u00eda, Chef<\/p>\n<p style=\"text-align: justify;\">6 de Arquitectura<\/p>\n<p style=\"text-align: justify;\">Uno de los momentos m\u00e1s significativos fue el pase de borla, encabezado por la rectora Marcelina Cruz Ordaz, quien explic\u00f3 el profundo simbolismo de este acto tradicional: el cambio de borla en el birrete marca la conclusi\u00f3n oficial del proceso acad\u00e9mico y el inicio de una nueva etapa profesional, reconociendo la constancia, disciplina y dedicaci\u00f3n de cada estudiante.<\/p>\n<p style=\"text-align: justify;\">En la Licenciatura en Psicolog\u00eda Cl\u00ednica, Sonia Iveth Alvarado V\u00e1zquez hizo uso de la voz en representaci\u00f3n de sus compa\u00f1eras y fue distinguida como mejor promedio de la generaci\u00f3n.<\/p>\n<p style=\"text-align: justify;\">Para Gastronom\u00eda, Chef, Mahetsi Molina Ba\u00f1uelos recibi\u00f3 el reconocimiento al mejor promedio, mientras que Elvira Jaqueline Teyssier Padilla emiti\u00f3 un emotivo mensaje de despedida en representaci\u00f3n de su licenciatura.<\/p>\n<p style=\"text-align: justify;\">En Arquitectura, la distinci\u00f3n al mejor promedio fue otorgada a Laura Quintanilla Flores, quien tambi\u00e9n represent\u00f3 a su generaci\u00f3n con un mensaje de cierre dirigido a la comunidad universitaria.<\/p>\n<p style=\"text-align: justify;\">En su intervenci\u00f3n final, la rectora Marcelina Cruz Ordaz destac\u00f3 la importancia de los convenios estrat\u00e9gicos que la UMT mantiene con instituciones p\u00fablicas y privadas, los cuales facilitan que las y los estudiantes realicen su servicio social y pr\u00e1cticas profesionales en espacios que fortalecen su preparaci\u00f3n. Subray\u00f3 adem\u00e1s la solidez institucional y el impacto positivo que la UMT ha generado en la sociedad tlaxcalteca, al afirmar que la universidad \u201cse distingue por ser el semillero de emprendedores m\u00e1s importante de la regi\u00f3n\u201d.<\/p>\n<p style=\"text-align: justify;\">Con aplausos, emociones y un profundo sentido de logro, la Generaci\u00f3n 2021\u20132025 cerr\u00f3 un ciclo que marca el inicio de nuevas metas profesionales y personales.<\/p>\n","protected":false},"excerpt":{"rendered":"<p>Mariana LOVERA \/\/ La Universidad Metropolitana de Tlaxcala (UMT) celebr\u00f3 este d\u00eda la Ceremonia de Graduaci\u00f3n de las licenciaturas en Psicolog\u00eda Cl\u00ednica, Gastronom\u00eda-Chef y Arquitectura, correspondientes a la Generaci\u00f3n 2021\u20132025, un acto solemne marcado por emociones, orgullo y el reconocimiento al esfuerzo acad\u00e9mico de sus nuevos profesionistas. El evento estuvo encabezado por la C.P. Marcelina [&hellip;]<\/p>\n","protected":false},"author":6,"featured_media":56618,"comment_status":"open","ping_status":"open","sticky":false,"template":"","format":"standard","meta":{"footnotes":""},"categories":[3,213,244],"tags":[],"class_list":["post-56609","post","type-post","status-publish","format-standard","has-post-thumbnail","hentry","category-8-columnas","category-educacion","category-umt"],"amp_enabled":true,"_links":{"self":[{"href":"https:\/\/labestiapolitica.com.mx\/index.php?rest_route=\/wp\/v2\/posts\/56609","targetHints":{"allow":["GET"]}}],"collection":[{"href":"https:\/\/labestiapolitica.com.mx\/index.php?rest_route=\/wp\/v2\/posts"}],"about":[{"href":"https:\/\/labestiapolitica.com.mx\/index.php?rest_route=\/wp\/v2\/types\/post"}],"author":[{"embeddable":true,"href":"https:\/\/labestiapolitica.com.mx\/index.php?rest_route=\/wp\/v2\/users\/6"}],"replies":[{"embeddable":true,"href":"https:\/\/labestiapolitica.com.mx\/index.php?rest_route=%2Fwp%2Fv2%2Fcomments&post=56609"}],"version-history":[{"count":1,"href":"https:\/\/labestiapolitica.com.mx\/index.php?rest_route=\/wp\/v2\/posts\/56609\/revisions"}],"predecessor-version":[{"id":56619,"href":"https:\/\/labestiapolitica.com.mx\/index.php?rest_route=\/wp\/v2\/posts\/56609\/revisions\/56619"}],"wp:featuredmedia":[{"embeddable":true,"href":"https:\/\/labestiapolitica.com.mx\/index.php?rest_route=\/wp\/v2\/media\/56618"}],"wp:attachment":[{"href":"https:\/\/labestiapolitica.com.mx\/index.php?rest_route=%2Fwp%2Fv2%2Fmedia&parent=56609"}],"wp:term":[{"taxonomy":"category","embeddable":true,"href":"https:\/\/labestiapolitica.com.mx\/index.php?rest_route=%2Fwp%2Fv2%2Fcategories&post=56609"},{"taxonomy":"post_tag","embeddable":true,"href":"https:\/\/labestiapolitica.com.mx\/index.php?rest_route=%2Fwp%2Fv2%2Ftags&post=56609"}],"curies":[{"name":"wp","href":"https:\/\/api.w.org\/{rel}","templated":true}]}}