{"id":56610,"date":"2025-12-11T15:38:38","date_gmt":"2025-12-11T21:38:38","guid":{"rendered":"https:\/\/labestiapolitica.com.mx\/?p=56610"},"modified":"2025-12-11T15:40:15","modified_gmt":"2025-12-11T21:40:15","slug":"presentan-en-zacualpan-el-libro-paridad-y-acceso-de-las-mujeres-a-cargos-de-eleccion-en-tlaxcala","status":"publish","type":"post","link":"https:\/\/labestiapolitica.com.mx\/?p=56610","title":{"rendered":"Presentan en Zacualpan el libro \u201cParidad y acceso de las mujeres a cargos de elecci\u00f3n en Tlaxcala\u201d"},"content":{"rendered":"<ul>\n<li style=\"text-align: justify;\">Impulsan espacios de reflexi\u00f3n y di\u00e1logo para fortalecer los derechos pol\u00edticos de las mujeres en Zacualpan<\/li>\n<\/ul>\n<p style=\"text-align: justify;\">La presidenta municipal de Zacualpan, Sandra Corona Padilla, encabez\u00f3 la presentaci\u00f3n del libro \u201cParidad y acceso de las mujeres a cargos de elecci\u00f3n en Tlaxcala\u201d, de la Dra. Mar\u00eda Magdalena Sam Bautista, como parte de las actividades de los 16 D\u00edas de Activismo orientadas a la erradicaci\u00f3n de la violencia contra las mujeres.<\/p>\n<p style=\"text-align: justify;\">En su intervenci\u00f3n, Corona Padilla enfatiz\u00f3 la relevancia de fortalecer el liderazgo femenino en el municipio y promover una participaci\u00f3n m\u00e1s amplia de las mujeres en la vida pol\u00edtica local. Destac\u00f3 que su administraci\u00f3n impulsa pol\u00edticas p\u00fablicas que favorecen espacios de reflexi\u00f3n, di\u00e1logo y escucha, con el objetivo de atender las necesidades y voces de las zacualpenses.<\/p>\n<p style=\"text-align: justify;\">Por su parte, la Dra. Mar\u00eda Magdalena Sam Bautista reconoci\u00f3 la realizaci\u00f3n de este tipo de actividades en Zacualpan y subray\u00f3 la importancia de generar condiciones que permitan avanzar en materia de paridad. Asimismo, valor\u00f3 el esfuerzo institucional por abrir espacios que permitan visibilizar la participaci\u00f3n de las mujeres en el \u00e1mbito p\u00fablico.<\/p>\n<p style=\"text-align: justify;\">El evento tambi\u00e9n cont\u00f3 con la participaci\u00f3n de la Mtra. Sandra Luz S\u00e1nchez Hern\u00e1ndez, quien ofreci\u00f3 una ponencia enfocada en la defensa de los derechos pol\u00edticos de las mujeres. Durante su exposici\u00f3n, abord\u00f3 los avances y los desaf\u00edos actuales para garantizar la igualdad sustantiva en los procesos de representaci\u00f3n.<\/p>\n<p style=\"text-align: justify;\">Corona Padilla reiter\u00f3 que la realizaci\u00f3n de estos encuentros es fundamental para avanzar hacia una sociedad m\u00e1s igualitaria y libre de violencia. \u201cEs un honor impulsar espacios que permitan construir un Zacualpan m\u00e1s justo para todas\u201d, expres\u00f3.<\/p>\n<p style=\"text-align: justify;\">Con estas acciones, el Ayuntamiento refrenda su compromiso de continuar promoviendo la igualdad de g\u00e9nero y el acceso equitativo a oportunidades pol\u00edticas para las mujeres del municipio.<\/p>\n","protected":false},"excerpt":{"rendered":"<p>Impulsan espacios de reflexi\u00f3n y di\u00e1logo para fortalecer los derechos pol\u00edticos de las mujeres en Zacualpan La presidenta municipal de Zacualpan, Sandra Corona Padilla, encabez\u00f3 la presentaci\u00f3n del libro \u201cParidad y acceso de las mujeres a cargos de elecci\u00f3n en Tlaxcala\u201d, de la Dra. Mar\u00eda Magdalena Sam Bautista, como parte de las actividades de los [&hellip;]<\/p>\n","protected":false},"author":5,"featured_media":56614,"comment_status":"open","ping_status":"open","sticky":false,"template":"","format":"standard","meta":{"footnotes":""},"categories":[216],"tags":[],"class_list":["post-56610","post","type-post","status-publish","format-standard","has-post-thumbnail","hentry","category-municipios"],"amp_enabled":true,"_links":{"self":[{"href":"https:\/\/labestiapolitica.com.mx\/index.php?rest_route=\/wp\/v2\/posts\/56610","targetHints":{"allow":["GET"]}}],"collection":[{"href":"https:\/\/labestiapolitica.com.mx\/index.php?rest_route=\/wp\/v2\/posts"}],"about":[{"href":"https:\/\/labestiapolitica.com.mx\/index.php?rest_route=\/wp\/v2\/types\/post"}],"author":[{"embeddable":true,"href":"https:\/\/labestiapolitica.com.mx\/index.php?rest_route=\/wp\/v2\/users\/5"}],"replies":[{"embeddable":true,"href":"https:\/\/labestiapolitica.com.mx\/index.php?rest_route=%2Fwp%2Fv2%2Fcomments&post=56610"}],"version-history":[{"count":1,"href":"https:\/\/labestiapolitica.com.mx\/index.php?rest_route=\/wp\/v2\/posts\/56610\/revisions"}],"predecessor-version":[{"id":56612,"href":"https:\/\/labestiapolitica.com.mx\/index.php?rest_route=\/wp\/v2\/posts\/56610\/revisions\/56612"}],"wp:featuredmedia":[{"embeddable":true,"href":"https:\/\/labestiapolitica.com.mx\/index.php?rest_route=\/wp\/v2\/media\/56614"}],"wp:attachment":[{"href":"https:\/\/labestiapolitica.com.mx\/index.php?rest_route=%2Fwp%2Fv2%2Fmedia&parent=56610"}],"wp:term":[{"taxonomy":"category","embeddable":true,"href":"https:\/\/labestiapolitica.com.mx\/index.php?rest_route=%2Fwp%2Fv2%2Fcategories&post=56610"},{"taxonomy":"post_tag","embeddable":true,"href":"https:\/\/labestiapolitica.com.mx\/index.php?rest_route=%2Fwp%2Fv2%2Ftags&post=56610"}],"curies":[{"name":"wp","href":"https:\/\/api.w.org\/{rel}","templated":true}]}}