{"id":56615,"date":"2025-12-11T15:41:28","date_gmt":"2025-12-11T21:41:28","guid":{"rendered":"https:\/\/labestiapolitica.com.mx\/?p=56615"},"modified":"2025-12-11T15:41:28","modified_gmt":"2025-12-11T21:41:28","slug":"concluyen-en-zacualpan-las-actividades-de-los-16-dias-de-activismo-contra-la-violencia","status":"publish","type":"post","link":"https:\/\/labestiapolitica.com.mx\/?p=56615","title":{"rendered":"Concluyen en Zacualpan las actividades de los 16 D\u00edas de Activismo contra la Violencia"},"content":{"rendered":"<p>El Ayuntamiento de Zacualpan dio por concluidas las actividades de los 16 D\u00edas de Activismo contra la Violencia hacia las Mujeres, Ni\u00f1as y Ni\u00f1os, jornada durante la cual se realizaron acciones de sensibilizaci\u00f3n, prevenci\u00f3n y fortalecimiento de la cultura de paz.<\/p>\n<p>La presidenta municipal, Sandra Corona Padilla, destac\u00f3 que durante este periodo se impulsaron actividades orientadas a erradicar cualquier forma de violencia y a fomentar entornos m\u00e1s seguros dentro del municipio.<\/p>\n<p>\u201cHoy concluimos los 16 D\u00edas de Activismo Contra la Violencia a Mujeres y Ni\u00f1as en nuestro querido Zacualpan, un tiempo de reflexi\u00f3n, aprendizaje y compromiso para construir un municipio m\u00e1s seguro y libre de violencia\u201d, expres\u00f3.<\/p>\n<p>Como parte del cierre, la alcaldesa acompa\u00f1\u00f3 a las ni\u00f1as y ni\u00f1os del Club de Ciencias, quienes presentaron los avances de su videojuego educativo. Corona Padilla reconoci\u00f3 el talento y creatividad de las y los participantes, y se\u00f1al\u00f3 que \u201csu visi\u00f3n es una inspiraci\u00f3n que nos recuerda que las nuevas generaciones tienen un papel fundamental en la construcci\u00f3n de un futuro sin violencia\u201d.<\/p>\n<p>El Ayuntamiento resalt\u00f3 que estas actividades forman parte de la estrategia integral para fortalecer la igualdad, el respeto y la convivencia pac\u00edfica dentro de la comunidad.<\/p>\n<p>Con este cierre, la administraci\u00f3n municipal reafirm\u00f3 su compromiso de seguir impulsando espacios de innovaci\u00f3n, di\u00e1logo y formaci\u00f3n que contribuyan a consolidar una cultura de paz en Zacualpan.<\/p>\n","protected":false},"excerpt":{"rendered":"<p>El Ayuntamiento de Zacualpan dio por concluidas las actividades de los 16 D\u00edas de Activismo contra la Violencia hacia las Mujeres, Ni\u00f1as y Ni\u00f1os, jornada durante la cual se realizaron acciones de sensibilizaci\u00f3n, prevenci\u00f3n y fortalecimiento de la cultura de paz. La presidenta municipal, Sandra Corona Padilla, destac\u00f3 que durante este periodo se impulsaron actividades [&hellip;]<\/p>\n","protected":false},"author":5,"featured_media":56616,"comment_status":"open","ping_status":"open","sticky":false,"template":"","format":"standard","meta":{"footnotes":""},"categories":[216],"tags":[],"class_list":["post-56615","post","type-post","status-publish","format-standard","has-post-thumbnail","hentry","category-municipios"],"amp_enabled":true,"_links":{"self":[{"href":"https:\/\/labestiapolitica.com.mx\/index.php?rest_route=\/wp\/v2\/posts\/56615","targetHints":{"allow":["GET"]}}],"collection":[{"href":"https:\/\/labestiapolitica.com.mx\/index.php?rest_route=\/wp\/v2\/posts"}],"about":[{"href":"https:\/\/labestiapolitica.com.mx\/index.php?rest_route=\/wp\/v2\/types\/post"}],"author":[{"embeddable":true,"href":"https:\/\/labestiapolitica.com.mx\/index.php?rest_route=\/wp\/v2\/users\/5"}],"replies":[{"embeddable":true,"href":"https:\/\/labestiapolitica.com.mx\/index.php?rest_route=%2Fwp%2Fv2%2Fcomments&post=56615"}],"version-history":[{"count":1,"href":"https:\/\/labestiapolitica.com.mx\/index.php?rest_route=\/wp\/v2\/posts\/56615\/revisions"}],"predecessor-version":[{"id":56617,"href":"https:\/\/labestiapolitica.com.mx\/index.php?rest_route=\/wp\/v2\/posts\/56615\/revisions\/56617"}],"wp:featuredmedia":[{"embeddable":true,"href":"https:\/\/labestiapolitica.com.mx\/index.php?rest_route=\/wp\/v2\/media\/56616"}],"wp:attachment":[{"href":"https:\/\/labestiapolitica.com.mx\/index.php?rest_route=%2Fwp%2Fv2%2Fmedia&parent=56615"}],"wp:term":[{"taxonomy":"category","embeddable":true,"href":"https:\/\/labestiapolitica.com.mx\/index.php?rest_route=%2Fwp%2Fv2%2Fcategories&post=56615"},{"taxonomy":"post_tag","embeddable":true,"href":"https:\/\/labestiapolitica.com.mx\/index.php?rest_route=%2Fwp%2Fv2%2Ftags&post=56615"}],"curies":[{"name":"wp","href":"https:\/\/api.w.org\/{rel}","templated":true}]}}